{"id":54221,"date":"2020-08-20T12:04:56","date_gmt":"2020-08-20T12:04:56","guid":{"rendered":"http:\/\/radiokfor.com\/1\/?p=54221"},"modified":"2020-08-20T12:04:56","modified_gmt":"2020-08-20T12:04:56","slug":"serish-shtyhet-mbajtja-e-festivalit-nderkombetar-te-filmit-prifest","status":"publish","type":"post","link":"https:\/\/radiokfor.com\/1\/serish-shtyhet-mbajtja-e-festivalit-nderkombetar-te-filmit-prifest\/","title":{"rendered":"S\u00ebrish shtyhet mbajtja e Festivalit Nd\u00ebrkomb\u00ebtar t\u00eb Filmit \u201cPriFest\u201d"},"content":{"rendered":"<p>Edicioni i 12-t\u00eb i Festivalit Nd\u00ebrkomb\u00ebtar t\u00eb Filmit \u2018PriFest 2020\u2019, i paralajm\u00ebruar t\u00eb mbahet nga data 25 gusht deri m\u00eb 30 gusht, \u00ebsht\u00eb shtyr\u00eb p\u00ebr muajin tetor.<\/p>\n<p>P\u00ebrmes faqes zyrtare n\u00eb Facebook, nga organizator\u00ebt b\u00ebhet e ditur se Festivali Nd\u00ebrkomb\u00ebtar i Filmit \u201cPriFest\u201d, do t\u00eb mbahet online n\u00eb muajin tetor dhe s\u00eb shpejti do t\u00eb jepen edhe datat e sakta t\u00eb k\u00ebtij edicioni.<\/p>\n<p>N\u00eb fund t\u00eb njoftimit, adhuruesve t\u00eb k\u00ebtij festivali ju kan\u00eb uruar sh\u00ebndet t\u00eb mir\u00eb si dhe i kan\u00eb ftuar q\u00eb filmat e festivalit t\u2019i shkojn\u00eb online, rehat nga sht\u00ebpit\u00eb e tyre.<\/p>\n","protected":false},"excerpt":{"rendered":"<p>Edicioni i 12-t\u00eb i Festivalit Nd\u00ebrkomb\u00ebtar t\u00eb Filmit \u2018PriFest 2020\u2019, i paralajm\u00ebruar t\u00eb mbahet nga data 25 gusht deri m\u00eb 30 gusht, \u00ebsht\u00eb shtyr\u00eb p\u00ebr muajin tetor. P\u00ebrmes faqes zyrtare n\u00eb Facebook, nga organizator\u00ebt b\u00ebhet e ditur se Festivali Nd\u00ebrkomb\u00ebtar i Filmit \u201cPriFest\u201d, do t\u00eb mbahet online n\u00eb muajin tetor dhe s\u00eb shpejti do t\u00eb&hellip;<\/p>\n","protected":false},"author":3,"featured_media":54222,"comment_status":"closed","ping_status":"closed","sticky":false,"template":"","format":"standard","meta":{"_monsterinsights_skip_tracking":false,"_monsterinsights_sitenote_active":false,"_monsterinsights_sitenote_note":"","_monsterinsights_sitenote_category":0,"footnotes":""},"categories":[2],"tags":[],"class_list":["post-54221","post","type-post","status-publish","format-standard","has-post-thumbnail","hentry","category-news","category-2","description-off"],"_links":{"self":[{"href":"https:\/\/radiokfor.com\/1\/wp-json\/wp\/v2\/posts\/54221","targetHints":{"allow":["GET"]}}],"collection":[{"href":"https:\/\/radiokfor.com\/1\/wp-json\/wp\/v2\/posts"}],"about":[{"href":"https:\/\/radiokfor.com\/1\/wp-json\/wp\/v2\/types\/post"}],"author":[{"embeddable":true,"href":"https:\/\/radiokfor.com\/1\/wp-json\/wp\/v2\/users\/3"}],"replies":[{"embeddable":true,"href":"https:\/\/radiokfor.com\/1\/wp-json\/wp\/v2\/comments?post=54221"}],"version-history":[{"count":1,"href":"https:\/\/radiokfor.com\/1\/wp-json\/wp\/v2\/posts\/54221\/revisions"}],"predecessor-version":[{"id":54223,"href":"https:\/\/radiokfor.com\/1\/wp-json\/wp\/v2\/posts\/54221\/revisions\/54223"}],"wp:featuredmedia":[{"embeddable":true,"href":"https:\/\/radiokfor.com\/1\/wp-json\/wp\/v2\/media\/54222"}],"wp:attachment":[{"href":"https:\/\/radiokfor.com\/1\/wp-json\/wp\/v2\/media?parent=54221"}],"wp:term":[{"taxonomy":"category","embeddable":true,"href":"https:\/\/radiokfor.com\/1\/wp-json\/wp\/v2\/categories?post=54221"},{"taxonomy":"post_tag","embeddable":true,"href":"https:\/\/radiokfor.com\/1\/wp-json\/wp\/v2\/tags?post=54221"}],"curies":[{"name":"wp","href":"https:\/\/api.w.org\/{rel}","templated":true}]}}