{"id":54207,"date":"2020-08-19T10:02:09","date_gmt":"2020-08-19T10:02:09","guid":{"rendered":"http:\/\/radiokfor.com\/1\/?p=54207"},"modified":"2020-08-19T10:03:15","modified_gmt":"2020-08-19T10:03:15","slug":"rendesia-e-ruajtjes-se-trashegimise-kulturore","status":"publish","type":"post","link":"https:\/\/radiokfor.com\/1\/rendesia-e-ruajtjes-se-trashegimise-kulturore\/","title":{"rendered":"R\u00ebnd\u00ebsia e ruajtjes s\u00eb trash\u00ebgimis\u00eb kulturore"},"content":{"rendered":"<p>Trash\u00ebgimia kulturore \u00ebsht\u00eb trash\u00ebgimia e objekteve fizike dhe shpirt\u00ebrore e nj\u00eb grupi ose shoq\u00ebrie q\u00eb jan\u00eb t\u00eb trash\u00ebguara nga gjeneratat e kaluara, t\u00eb mir\u00ebmbajtura n\u00eb t\u00eb tashmen dhe t\u00eb ruajtura p\u00ebr brezat e ardhsh\u00ebm.<\/p>\n<p>Se ruajtja e trash\u00ebgimis\u00eb kultuore ka nj\u00eb rend\u00ebsi t\u00eb madhe, e thot\u00eb p\u00ebr Radio KFOR-in edhe Inxh. Dip. Ark. dhe specialiste konservimi, Gjejlane Hoxha: &#8220;<em>Natyra e trash\u00ebgimis\u00eb kulturore \u00ebsht\u00eb e ndjeshme, k\u00ebrkon p\u00ebrkujdesje t\u00eb ve\u00e7ant\u00eb kolektive dhe institucionale n\u00eb procese t\u00eb planifikimit t\u00eb zhvillimeve bashk\u00ebkohore. Mbrojtja efektive dhe konservimi aktiv i aseteve t\u00eb trash\u00ebgimis\u00eb kulturore, duhet t\u00eb pozicionohet si objektiv par\u00ebsor n\u00eb politikat e zhvillimit dhe planifikimit urban, n\u00eb funksion krijimi t\u00eb mjediseve jet\u00ebsore kualitative dhe me perspektiv\u00eb zhvillimi t\u00eb q\u00ebndruesh\u00ebm shoq\u00ebror, kulturor, arkitekturor, ekologjik, turizmi, ekonomik, politik dhe pun\u00ebsimi\u201d.<\/em><\/p>\n<p>M\u00ebnyra m\u00eb e mir\u00eb p\u00ebr t\u00eb ruajtur trash\u00ebgimin\u00eb kulturore \u00ebsht\u00eb kujdesi, mir\u00ebmbajtja dhe bartja e tyre nga brezi n\u00eb brez.<\/p>\n","protected":false},"excerpt":{"rendered":"<p>Trash\u00ebgimia kulturore \u00ebsht\u00eb trash\u00ebgimia e objekteve fizike dhe shpirt\u00ebrore e nj\u00eb grupi ose shoq\u00ebrie q\u00eb jan\u00eb t\u00eb trash\u00ebguara nga gjeneratat e kaluara, t\u00eb mir\u00ebmbajtura n\u00eb t\u00eb tashmen dhe t\u00eb ruajtura p\u00ebr brezat e ardhsh\u00ebm. Se ruajtja e trash\u00ebgimis\u00eb kultuore ka nj\u00eb rend\u00ebsi t\u00eb madhe, e thot\u00eb p\u00ebr Radio KFOR-in edhe Inxh. Dip. Ark. dhe specialiste&hellip;<\/p>\n","protected":false},"author":3,"featured_media":54208,"comment_status":"closed","ping_status":"closed","sticky":false,"template":"","format":"standard","meta":{"_monsterinsights_skip_tracking":false,"_monsterinsights_sitenote_active":false,"_monsterinsights_sitenote_note":"","_monsterinsights_sitenote_category":0,"footnotes":""},"categories":[2],"tags":[],"class_list":["post-54207","post","type-post","status-publish","format-standard","has-post-thumbnail","hentry","category-news","category-2","description-off"],"_links":{"self":[{"href":"https:\/\/radiokfor.com\/1\/wp-json\/wp\/v2\/posts\/54207","targetHints":{"allow":["GET"]}}],"collection":[{"href":"https:\/\/radiokfor.com\/1\/wp-json\/wp\/v2\/posts"}],"about":[{"href":"https:\/\/radiokfor.com\/1\/wp-json\/wp\/v2\/types\/post"}],"author":[{"embeddable":true,"href":"https:\/\/radiokfor.com\/1\/wp-json\/wp\/v2\/users\/3"}],"replies":[{"embeddable":true,"href":"https:\/\/radiokfor.com\/1\/wp-json\/wp\/v2\/comments?post=54207"}],"version-history":[{"count":2,"href":"https:\/\/radiokfor.com\/1\/wp-json\/wp\/v2\/posts\/54207\/revisions"}],"predecessor-version":[{"id":54210,"href":"https:\/\/radiokfor.com\/1\/wp-json\/wp\/v2\/posts\/54207\/revisions\/54210"}],"wp:featuredmedia":[{"embeddable":true,"href":"https:\/\/radiokfor.com\/1\/wp-json\/wp\/v2\/media\/54208"}],"wp:attachment":[{"href":"https:\/\/radiokfor.com\/1\/wp-json\/wp\/v2\/media?parent=54207"}],"wp:term":[{"taxonomy":"category","embeddable":true,"href":"https:\/\/radiokfor.com\/1\/wp-json\/wp\/v2\/categories?post=54207"},{"taxonomy":"post_tag","embeddable":true,"href":"https:\/\/radiokfor.com\/1\/wp-json\/wp\/v2\/tags?post=54207"}],"curies":[{"name":"wp","href":"https:\/\/api.w.org\/{rel}","templated":true}]}}