{"id":54199,"date":"2020-08-19T09:00:50","date_gmt":"2020-08-19T09:00:50","guid":{"rendered":"http:\/\/radiokfor.com\/1\/?p=54199"},"modified":"2020-08-19T09:00:50","modified_gmt":"2020-08-19T09:00:50","slug":"me-ndihmen-e-kfor-it-perurohet-fusha-e-basketbollit-per-komunitete-ne-plemetin","status":"publish","type":"post","link":"https:\/\/radiokfor.com\/1\/me-ndihmen-e-kfor-it-perurohet-fusha-e-basketbollit-per-komunitete-ne-plemetin\/","title":{"rendered":"Me ndihm\u00ebn e KFOR-it p\u00ebrurohet fusha e basketbollit p\u00ebr komunitete, n\u00eb Plemetin"},"content":{"rendered":"<p>N\u00eb prani t\u00eb p\u00ebrfaq\u00ebsuesve t\u00eb KFOR-it, p\u00ebrfaq\u00ebsuesve t\u00eb Kuvendit Komunal t\u00eb Obiliqit si dhe n\u00eb pranit t\u00eb dy drejtor\u00ebve t\u00eb shkollave fillore \u201cPandeli Sotiri\u201d dhe \u201cSveti Sava\u201d, u p\u00ebrurua fusha e basketit e cila do t\u00eb p\u00ebrdoret nga nx\u00ebn\u00ebsit e fshatit Plemetin.<\/p>\n<p>\u201cFal\u00eb kontributit t\u00eb KFOR-it, f\u00ebmij\u00ebt e t\u00eb dy shkollave, t\u00eb cil\u00ebt shfryt\u00ebzojn\u00eb t\u00eb nj\u00ebjtin oborr, do t\u00eb ken\u00eb kushte m\u00eb t\u00eb mira p\u00ebr t\u00eb luajtur basket\u201d, k\u00ebshtu tha drejtor i Shkoll\u00ebs \u201cPandeli Sotiri\u201d , Bedri Neziri si dhe theks t\u00eb ve\u00e7ant\u00eb i dha bashk\u00ebpunimit q\u00eb kan\u00eb mes vete: <em>\u201cBashk\u00ebpunimi \u00ebsht\u00eb jasht\u00ebzakonisht i sinqert\u00eb, nuk ka dallime. Un\u00eb mendoj se jemi nj\u00eb shkoll\u00eb model, ku me veprimet tona kemi b\u00ebr\u00eb q\u00eb t\u00eb kemi raporte t\u00eb mira kolegjiale si dhe n\u00eb mes t\u00eb nx\u00ebn\u00ebsve. F\u00ebmij\u00ebt tan\u00eb nuk i edukojm\u00eb n\u00eb at\u00eb m\u00ebnyr\u00eb q\u00eb t\u2019i mbushim urrejtje, por ofrojm\u00eb respekt, dashuri, mir\u00ebkuptim dhe bashk\u00ebpunim.\u201d<\/em><\/p>\n<p>Nj\u00eb mendim t\u00eb till\u00eb e kishte edhe Drejtoresha e shkoll\u00ebs fillore \u201cSveti Sava\u201d, zonja Suncica Zarkovic: <em>\u201cKjo fush\u00eb sporti do t\u00eb thot\u00eb shum\u00eb p\u00ebr f\u00ebmij\u00ebt e t\u00eb dyja pal\u00ebve, sepse ata do t\u00eb ken\u00eb kushte m\u00eb t\u00eb mira p\u00ebr t\u00eb luajtur. Un\u00eb punoj k\u00ebtu dhe v\u00ebrtet \u00ebsht\u00eb mir\u00eb, nuk ka probleme dhe shpresoj se nuk do t\u00eb ket\u00eb as n\u00eb t\u00eb ardhmen, derisa q\u00ebndrojm\u00eb k\u00ebtu, studiojm\u00eb, punojm\u00eb dhe shoq\u00ebrohemi s\u00eb bashku.\u201d<\/em><\/p>\n<p>Fal\u00eb k\u00ebtij projekti t\u00eb realizuar, tani e tutje, f\u00ebmij\u00ebt e t\u00eb gjitha komuniteteve q\u00eb jetojn\u00eb n\u00eb Plemetin, do t\u00eb ken\u00eb kushte m\u00eb t\u00eb mira p\u00ebr t\u00eb m\u00ebsuar dhe p\u00ebr t\u2019u arg\u00ebtuar.<\/p>\n<p>I pranish\u00ebm n\u00eb k\u00ebt\u00eb ceremoni t\u00eb p\u00ebrurimit t\u00eb fush\u00ebs s\u00eb basketit ishte edhe z\u00ebvend\u00ebskomandanti i Komand\u00ebs Rajonale t\u00eb Lindjes-KFOR, Koloneli, Hoback, i cili theksoi: &#8220;<em>Aktualisht jemi te k\u00ebto dy shkolla ku n\u00eb em\u00ebr t\u00eb KFOR-it, u kemi ofruar nj\u00eb fush\u00eb t\u00eb basketbollit. Ne e kemi b\u00ebr\u00eb k\u00ebt\u00eb p\u00ebr t\u00eb inkurajuar angazhimin nd\u00ebretnik t\u00eb f\u00ebmij\u00ebve, sepse k\u00ebtu kemi dy shkolla t\u00eb komuniteteve n\u00eb t\u00eb nj\u00ebjtin oborr. Ne u inkurajuam nga nj\u00eb gj\u00eb e till\u00eb dhe jemi shum\u00eb t\u00eb lumtur q\u00eb kemi pasur mund\u00ebsi t\u2019i ndihmojm\u00eb k\u00ebto shkolla. KFOR-i ka b\u00ebr\u00eb nj\u00eb investim p\u00ebr t\u00eb ardhmen e f\u00ebmij\u00ebve t\u00eb Kosov\u00ebs. Kjo \u00ebsht\u00eb jasht\u00ebzakonisht e r\u00ebnd\u00ebsishme; f\u00ebmij\u00ebt jan\u00eb t\u00eb r\u00ebnd\u00ebsish\u00ebm, ata jan\u00eb e ardhmja, prandaj KFOR-i e merr seriozisht arsimin e f\u00ebmij\u00ebve. Ne e vler\u00ebsojm\u00eb mund\u00ebsin\u00eb q\u00eb t&#8217;i ndihmojm\u00eb ata n\u00eb edukimin e tyre, t&#8217;i ndihmojm\u00eb ata n\u00eb atletik\u00eb p\u00ebr ta mbajtur mir\u00eb sh\u00ebndetin e tyre. Ne i inkurajojm\u00eb ata q\u00eb t\u00eb b\u00ebhen bashk\u00eb me nj\u00ebri-tjetrin. Shpresojm\u00eb q\u00eb ata do ta shijojn\u00eb k\u00ebt\u00eb fush\u00eb t\u00eb re, sepse do t\u00eb jet\u00eb nj\u00eb mund\u00ebsi e shk\u00eblqyer p\u00ebr ta p\u00ebrdorur at\u00eb.\u201d<\/em><\/p>\n<p>P\u00ebrve\u00e7 ofrimit t\u00eb paqes, siguris\u00eb dhe stabilitetit n\u00eb Kosov\u00eb, KFOR-i \u00ebsht\u00eb duke kontribuar edhe n\u00eb mb\u00ebshtetjen e programeve p\u00ebr t\u00eb rinjt\u00eb e t\u00eb gjitha komuniteteve q\u00eb jetojn\u00eb k\u00ebtu.<\/p>\n","protected":false},"excerpt":{"rendered":"<p>N\u00eb prani t\u00eb p\u00ebrfaq\u00ebsuesve t\u00eb KFOR-it, p\u00ebrfaq\u00ebsuesve t\u00eb Kuvendit Komunal t\u00eb Obiliqit si dhe n\u00eb pranit t\u00eb dy drejtor\u00ebve t\u00eb shkollave fillore \u201cPandeli Sotiri\u201d dhe \u201cSveti Sava\u201d, u p\u00ebrurua fusha e basketit e cila do t\u00eb p\u00ebrdoret nga nx\u00ebn\u00ebsit e fshatit Plemetin. \u201cFal\u00eb kontributit t\u00eb KFOR-it, f\u00ebmij\u00ebt e t\u00eb dy shkollave, t\u00eb cil\u00ebt shfryt\u00ebzojn\u00eb t\u00eb&hellip;<\/p>\n","protected":false},"author":3,"featured_media":54200,"comment_status":"closed","ping_status":"closed","sticky":false,"template":"","format":"standard","meta":{"_monsterinsights_skip_tracking":false,"_monsterinsights_sitenote_active":false,"_monsterinsights_sitenote_note":"","_monsterinsights_sitenote_category":0,"footnotes":""},"categories":[2],"tags":[],"class_list":["post-54199","post","type-post","status-publish","format-standard","has-post-thumbnail","hentry","category-news","category-2","description-off"],"_links":{"self":[{"href":"https:\/\/radiokfor.com\/1\/wp-json\/wp\/v2\/posts\/54199","targetHints":{"allow":["GET"]}}],"collection":[{"href":"https:\/\/radiokfor.com\/1\/wp-json\/wp\/v2\/posts"}],"about":[{"href":"https:\/\/radiokfor.com\/1\/wp-json\/wp\/v2\/types\/post"}],"author":[{"embeddable":true,"href":"https:\/\/radiokfor.com\/1\/wp-json\/wp\/v2\/users\/3"}],"replies":[{"embeddable":true,"href":"https:\/\/radiokfor.com\/1\/wp-json\/wp\/v2\/comments?post=54199"}],"version-history":[{"count":1,"href":"https:\/\/radiokfor.com\/1\/wp-json\/wp\/v2\/posts\/54199\/revisions"}],"predecessor-version":[{"id":54201,"href":"https:\/\/radiokfor.com\/1\/wp-json\/wp\/v2\/posts\/54199\/revisions\/54201"}],"wp:featuredmedia":[{"embeddable":true,"href":"https:\/\/radiokfor.com\/1\/wp-json\/wp\/v2\/media\/54200"}],"wp:attachment":[{"href":"https:\/\/radiokfor.com\/1\/wp-json\/wp\/v2\/media?parent=54199"}],"wp:term":[{"taxonomy":"category","embeddable":true,"href":"https:\/\/radiokfor.com\/1\/wp-json\/wp\/v2\/categories?post=54199"},{"taxonomy":"post_tag","embeddable":true,"href":"https:\/\/radiokfor.com\/1\/wp-json\/wp\/v2\/tags?post=54199"}],"curies":[{"name":"wp","href":"https:\/\/api.w.org\/{rel}","templated":true}]}}