{"id":54190,"date":"2020-08-19T06:10:46","date_gmt":"2020-08-19T06:10:46","guid":{"rendered":"http:\/\/radiokfor.com\/1\/?p=54190"},"modified":"2020-08-18T08:33:58","modified_gmt":"2020-08-18T08:33:58","slug":"shenohet-sot-dita-boterore-e-humanizmit-2","status":"publish","type":"post","link":"https:\/\/radiokfor.com\/1\/shenohet-sot-dita-boterore-e-humanizmit-2\/","title":{"rendered":"Sh\u00ebnohet sot \u2018Dita Bot\u00ebrore e Humanizmit\u2019"},"content":{"rendered":"<p>Nd\u00ebr virtytet m\u00eb t\u00eb m\u00ebdha q\u00eb ka njeriu, \u00ebsht\u00eb edhe t\u00eb qenurit human, e k\u00ebt\u00eb m\u00eb s\u00eb miri e p\u00ebrkufizon th\u00ebnia e humanistes m\u00eb t\u00eb madhe shqiptare q\u00eb e njohu edhe bota, Sh\u00ebn N\u00ebn\u00eb Terez\u00ebs, e cila thoshte &#8216;Jo t\u00eb gjith\u00eb ne mund t\u00eb b\u00ebjm\u00eb gj\u00ebra t\u00eb m\u00ebdha. Por ne mund t\u00eb b\u00ebjm\u00eb gj\u00ebra t\u00eb vogla me shum\u00eb dashuri&#8217;.<\/p>\n<p>Pik\u00ebrisht sot (19 gusht), sh\u00ebnohet \u2018Dita Bot\u00ebrore e Humanizmit\u2019 dhe p\u00ebr t\u00eb sh\u00ebnuar k\u00ebt\u00eb dat\u00eb Radio KFOR-i, mori nj\u00eb prononcim nga drejtoresha e Organizat\u00ebs Humanitare \u201cN\u00ebna dhe f\u00ebmij\u00eb t\u00eb lumtur\u201d,\u00a0 znj. Edita Dula: \u201cGjat\u00eb jet\u00ebs sime, kam realizuar nj\u00eb s\u00ebr detyrash, qoft\u00eb si n\u00ebn\u00eb, bashk\u00ebshorte e mike e dikujt, pastaj p\u00ebrmes profesionit tim si aktore e humoriste, mir\u00ebpo roli q\u00eb m\u00eb ka p\u00ebrmbushur si qenie njer\u00ebzore, \u00ebsht\u00eb roli q\u00eb kam tash e sa vite n\u00eb organizat\u00ebn q\u00eb drejtoj bashk\u00eb me miket e mia t\u00eb mrekullueshme, ku punojm\u00eb \u00e7do dit\u00eb p\u00ebr t\u00eb ia leht\u00ebsuar jet\u00ebn atyre q\u00eb kan\u00eb m\u00eb s\u00eb shumti nevoj\u00eb, n\u00eb rastin ton\u00eb, n\u00ebnave vetushqyese dhe f\u00ebmij\u00ebve t\u00eb tyre\u201d.<\/p>\n<p>Njer\u00ebzit q\u00eb po i ndihmojn\u00eb t\u00eb tjer\u00ebt gjat\u00eb k\u00ebtij viti, qoft\u00eb individualisht apo p\u00ebrmes organizatave t\u00eb ndryshme, po p\u00ebrballen me v\u00ebshtir\u00ebsi t\u00eb shtuara p\u00ebr shkak t\u00eb pandemis\u00eb s\u00eb krijuar nga virusi Covid-19.<\/p>\n","protected":false},"excerpt":{"rendered":"<p>Nd\u00ebr virtytet m\u00eb t\u00eb m\u00ebdha q\u00eb ka njeriu, \u00ebsht\u00eb edhe t\u00eb qenurit human, e k\u00ebt\u00eb m\u00eb s\u00eb miri e p\u00ebrkufizon th\u00ebnia e humanistes m\u00eb t\u00eb madhe shqiptare q\u00eb e njohu edhe bota, Sh\u00ebn N\u00ebn\u00eb Terez\u00ebs, e cila thoshte &#8216;Jo t\u00eb gjith\u00eb ne mund t\u00eb b\u00ebjm\u00eb gj\u00ebra t\u00eb m\u00ebdha. Por ne mund t\u00eb b\u00ebjm\u00eb gj\u00ebra t\u00eb&hellip;<\/p>\n","protected":false},"author":3,"featured_media":54191,"comment_status":"closed","ping_status":"closed","sticky":false,"template":"","format":"standard","meta":{"_monsterinsights_skip_tracking":false,"_monsterinsights_sitenote_active":false,"_monsterinsights_sitenote_note":"","_monsterinsights_sitenote_category":0,"footnotes":""},"categories":[2],"tags":[],"class_list":["post-54190","post","type-post","status-publish","format-standard","has-post-thumbnail","hentry","category-news","category-2","description-off"],"_links":{"self":[{"href":"https:\/\/radiokfor.com\/1\/wp-json\/wp\/v2\/posts\/54190","targetHints":{"allow":["GET"]}}],"collection":[{"href":"https:\/\/radiokfor.com\/1\/wp-json\/wp\/v2\/posts"}],"about":[{"href":"https:\/\/radiokfor.com\/1\/wp-json\/wp\/v2\/types\/post"}],"author":[{"embeddable":true,"href":"https:\/\/radiokfor.com\/1\/wp-json\/wp\/v2\/users\/3"}],"replies":[{"embeddable":true,"href":"https:\/\/radiokfor.com\/1\/wp-json\/wp\/v2\/comments?post=54190"}],"version-history":[{"count":1,"href":"https:\/\/radiokfor.com\/1\/wp-json\/wp\/v2\/posts\/54190\/revisions"}],"predecessor-version":[{"id":54192,"href":"https:\/\/radiokfor.com\/1\/wp-json\/wp\/v2\/posts\/54190\/revisions\/54192"}],"wp:featuredmedia":[{"embeddable":true,"href":"https:\/\/radiokfor.com\/1\/wp-json\/wp\/v2\/media\/54191"}],"wp:attachment":[{"href":"https:\/\/radiokfor.com\/1\/wp-json\/wp\/v2\/media?parent=54190"}],"wp:term":[{"taxonomy":"category","embeddable":true,"href":"https:\/\/radiokfor.com\/1\/wp-json\/wp\/v2\/categories?post=54190"},{"taxonomy":"post_tag","embeddable":true,"href":"https:\/\/radiokfor.com\/1\/wp-json\/wp\/v2\/tags?post=54190"}],"curies":[{"name":"wp","href":"https:\/\/api.w.org\/{rel}","templated":true}]}}