{"id":54130,"date":"2020-08-16T06:11:33","date_gmt":"2020-08-16T06:11:33","guid":{"rendered":"http:\/\/radiokfor.com\/1\/?p=54130"},"modified":"2020-08-14T11:13:49","modified_gmt":"2020-08-14T11:13:49","slug":"ta-ruajme-ujin-burimin-e-jetes-per-te-gjitha-qeniet-e-gjalla","status":"publish","type":"post","link":"https:\/\/radiokfor.com\/1\/ta-ruajme-ujin-burimin-e-jetes-per-te-gjitha-qeniet-e-gjalla\/","title":{"rendered":"Ta ruajm\u00eb ujin, burimin e jet\u00ebs p\u00ebr t\u00eb gjitha qeniet e gjalla"},"content":{"rendered":"<p>Me temperaturat e larta dhe that\u00ebsira gjat\u00eb muajve t\u00eb ver\u00ebs, rritet edhe nevoja e p\u00ebrdorimit t\u00eb ujit p\u00ebr plot\u00ebsimin e nevojave tona p\u00ebr hidratim t\u00eb trupit, p\u00ebr higjien\u00eb dhe p\u00ebr freskim t\u00eb kopshteve, luleve dhe pem\u00ebve. Reshjet e pakta atmosferike q\u00eb kan\u00eb mbizot\u00ebruar n\u00eb dy vitet e fundit, kan\u00eb ndikuar q\u00eb t\u00eb bie niveli i ujit n\u00eb dy liqenet artificiale, prej nga edhe furnizohet pothuajse gjysma e Kosov\u00ebs, n\u00eb Badovc dhe Batllav\u00eb. Sipas raportimeve t\u00eb uj\u00ebsjell\u00ebsit rajonal \u201cPrishtina\u201d, <em>\u201cNiveli i ujit n\u00eb liqenin e Badocit me dat\u00ebn 10 gusht, ka qen\u00eb 9.50 metra n\u00ebn nivelin maksimal, nd\u00ebrsa n\u00eb at\u00eb t\u00eb Batllav\u00ebs 4.80 metra n\u00ebn nivelin maksimal\u201d.<\/em> \u00a0Duke marr\u00eb p\u00ebr baz\u00eb edhe rrezikun n\u00eb rritje t\u00eb ngrohjes globale dhe problemeve ambientale, njer\u00ebzit kan\u00eb filluar t\u00eb vet\u00ebdijesohen p\u00ebr p\u00ebrdorim racional dhe kursim t\u00eb ujit gjat\u00eb stin\u00ebs s\u00eb ver\u00ebs. Kultivimi i zakoneve t\u00eb mira t\u00eb ruajtjes s\u00eb ujit \u00a0mund t\u00eb ndihmoj\u00eb n\u00eb uljen e kostove t\u00eb sh\u00ebrbimeve dhe mir\u00ebmbajtjes dhe t\u00eb siguroj\u00eb furnizim m\u00eb t\u00eb madh me uj\u00eb gjat\u00eb ver\u00ebs.<\/p>\n<p>M\u00eb posht\u00eb lajmit, ju sjellim disa k\u00ebshilla se si mund ta kursejm\u00eb ujin:<\/p>\n<ul>\n<li><strong>Freskoni oborrin tuaj n\u00eb m\u00ebngjes ose n\u00eb mbr\u00ebmje &#8211;<\/strong>\u00a0Uji avullon shpejt kur dielli \u00ebsht\u00eb i fort\u00eb n\u00eb mesdit\u00eb, k\u00ebshtu q\u00eb sp\u00ebrkateni barin apo lulet kur ka m\u00eb shum\u00eb t\u00eb ngjar\u00eb q\u00eb uji t\u00eb q\u00ebndroj\u00eb n\u00eb tok\u00eb.<\/li>\n<li><strong>Shkurtoni koh\u00ebn e b\u00ebrjes dush &#8211;<\/strong>\u00a0Zvog\u00eblimi p\u00ebr vet\u00ebm dy minuta i dushit tuaj mund t\u00eb kursej\u00eb deri n\u00eb 5000 litra uj\u00eb p\u00ebr person n\u00eb familjen tuaj \u00e7do vit.<\/li>\n<li><strong>P\u00ebrdoreni en\u00eblar\u00ebsen &#8211; <\/strong>Me larjen e en\u00ebve me duar mund t\u00eb p\u00ebrdorni deri n\u00eb 15 litra uj\u00eb, krahasuar me vet\u00ebm 8 litra uj\u00eb q\u00eb p\u00ebrdor\u00eb en\u00eblar\u00ebsja.<\/li>\n<li><strong>Mblidhni ujin e shiut n\u00eb<\/strong> <strong>nj\u00eb kov\u00eb &#8211;<\/strong>\u00a0Mblidhni ujin q\u00eb rrjedh nga \u00e7atia juaj kur bie shi, duke vendosur nj\u00eb kov\u00eb n\u00ebn rrjedh\u00ebn e ulluqeve tuaj. Rip\u00ebrdorni at\u00eb uj\u00eb p\u00ebr kopshtin tuaj.<\/li>\n<li><strong>Kurseni kur e lani makin\u00ebn tuaj &#8211; <\/strong>Larja e nj\u00eb makine mund t\u00eb marr\u00eb deri n\u00eb 100 litra uj\u00eb.<\/li>\n<li><strong>P\u00ebrdoreni lavatri\u00e7en m\u00eb rrall\u00eb dhe me ngarkes\u00eb t\u00eb plot\u00eb &#8211; <\/strong>Shpesh jemi t\u00eb prirur t\u00eb p\u00ebrdorim lavatri\u00e7en m\u00eb shpesh dhe t\u00eb mbushur gjysm\u00eb.<\/li>\n<\/ul>\n<p>Uji \u00ebsht\u00eb burim i jet\u00ebs, shum\u00eb i nevojsh\u00ebm p\u00ebr mir\u00ebqenien e t\u00eb gjith\u00ebve, andaj ta ruajm\u00eb at\u00eb s\u00eb bashku!<\/p>\n","protected":false},"excerpt":{"rendered":"<p>Me temperaturat e larta dhe that\u00ebsira gjat\u00eb muajve t\u00eb ver\u00ebs, rritet edhe nevoja e p\u00ebrdorimit t\u00eb ujit p\u00ebr plot\u00ebsimin e nevojave tona p\u00ebr hidratim t\u00eb trupit, p\u00ebr higjien\u00eb dhe p\u00ebr freskim t\u00eb kopshteve, luleve dhe pem\u00ebve. Reshjet e pakta atmosferike q\u00eb kan\u00eb mbizot\u00ebruar n\u00eb dy vitet e fundit, kan\u00eb ndikuar q\u00eb t\u00eb bie niveli i&hellip;<\/p>\n","protected":false},"author":3,"featured_media":54131,"comment_status":"closed","ping_status":"closed","sticky":false,"template":"","format":"standard","meta":{"_monsterinsights_skip_tracking":false,"_monsterinsights_sitenote_active":false,"_monsterinsights_sitenote_note":"","_monsterinsights_sitenote_category":0,"footnotes":""},"categories":[2],"tags":[],"class_list":["post-54130","post","type-post","status-publish","format-standard","has-post-thumbnail","hentry","category-news","category-2","description-off"],"_links":{"self":[{"href":"https:\/\/radiokfor.com\/1\/wp-json\/wp\/v2\/posts\/54130","targetHints":{"allow":["GET"]}}],"collection":[{"href":"https:\/\/radiokfor.com\/1\/wp-json\/wp\/v2\/posts"}],"about":[{"href":"https:\/\/radiokfor.com\/1\/wp-json\/wp\/v2\/types\/post"}],"author":[{"embeddable":true,"href":"https:\/\/radiokfor.com\/1\/wp-json\/wp\/v2\/users\/3"}],"replies":[{"embeddable":true,"href":"https:\/\/radiokfor.com\/1\/wp-json\/wp\/v2\/comments?post=54130"}],"version-history":[{"count":1,"href":"https:\/\/radiokfor.com\/1\/wp-json\/wp\/v2\/posts\/54130\/revisions"}],"predecessor-version":[{"id":54132,"href":"https:\/\/radiokfor.com\/1\/wp-json\/wp\/v2\/posts\/54130\/revisions\/54132"}],"wp:featuredmedia":[{"embeddable":true,"href":"https:\/\/radiokfor.com\/1\/wp-json\/wp\/v2\/media\/54131"}],"wp:attachment":[{"href":"https:\/\/radiokfor.com\/1\/wp-json\/wp\/v2\/media?parent=54130"}],"wp:term":[{"taxonomy":"category","embeddable":true,"href":"https:\/\/radiokfor.com\/1\/wp-json\/wp\/v2\/categories?post=54130"},{"taxonomy":"post_tag","embeddable":true,"href":"https:\/\/radiokfor.com\/1\/wp-json\/wp\/v2\/tags?post=54130"}],"curies":[{"name":"wp","href":"https:\/\/api.w.org\/{rel}","templated":true}]}}