{"id":52726,"date":"2020-05-09T06:55:13","date_gmt":"2020-05-09T06:55:13","guid":{"rendered":"http:\/\/radiokfor.com\/1\/?p=52726"},"modified":"2020-05-09T00:10:44","modified_gmt":"2020-05-09T00:10:44","slug":"zyra-e-bashkimit-evropian-ne-kosove-me-aktivitete-te-shumta-sot-per-nder-te-dites-se-evropes","status":"publish","type":"post","link":"https:\/\/radiokfor.com\/1\/zyra-e-bashkimit-evropian-ne-kosove-me-aktivitete-te-shumta-sot-per-nder-te-dites-se-evropes\/","title":{"rendered":"Zyra e Bashkimit Evropian n\u00eb Kosov\u00eb me aktivitete t\u00eb shumta sot p\u00ebr nder t\u00eb \u2018Dit\u00ebs s\u00eb Evrop\u00ebs\u2019"},"content":{"rendered":"<p>\u2018Dita e Evrop\u00ebs\u2019 \u00ebsht\u00eb nj\u00eb fest\u00eb vjetore e bashkimit dhe paqes n\u00eb Evrop\u00eb. Data 9 Maj, sh\u00ebnon p\u00ebrvjetorin e deklarat\u00ebs historike t\u00eb ministrit t\u00eb jasht\u00ebm t\u00eb Franc\u00ebs, Robert Schuman, i cili prezantoi propozimin e tij p\u00ebr krijimin e nj\u00eb Evrope t\u00eb organizuar, p\u00ebr t\u00eb ndihmuar n\u00eb mir\u00ebmbajtjen e marr\u00ebdh\u00ebnieve paq\u00ebsore midis vendeve evropiane. Ky propozim, i njohur si &#8216;Deklarata Schuman&#8217;, konsiderohet t\u00eb jet\u00eb akti q\u00eb krijoi \u2018Bashkimin Evropian\u2019. Q\u00ebllimi i Bashkimit Evropian \u00ebsht\u00eb q\u00eb t\u00eb promovojn\u00eb paqe, barazi, siguri dhe mir\u00ebqenie p\u00ebr qytetar\u00ebt e 27 shteteve an\u00ebtare, duke ndihmuar edhe vendet tjera n\u00eb bot\u00eb n\u00eb shum\u00eb aspekte.<\/p>\n<p>Radio KFOR-i p\u00ebr nder t\u00eb k\u00ebsaj dite ka zhvilluar nj\u00eb intervist\u00eb me z\u00ebdh\u00ebn\u00ebsen p\u00ebr media nga zyra e \u2018Bashkimit Evropian\u2019 n\u00eb Kosov\u00eb, Dinka Zivalj, e cila tregoi p\u00ebr aktivitetet e parapara q\u00eb organizohen p\u00ebr nder t\u00eb k\u00ebsaj dite: \u201c<em>Duke respektuar masat sh\u00ebndet\u00ebsore t\u00eb paraqitura nga autoritetet e Kosov\u00ebs p\u00ebr shkak t\u00eb \u2018COVID 19\u2019, zyra e BE-s\u00eb n\u00eb Kosov\u00eb ka organizuar k\u00ebt\u00eb vit nj\u00eb s\u00ebr\u00eb aktivitetesh p\u00ebr t\u00eb festuar \u2018Dit\u00ebn e Evrop\u00ebs\u2019, nga sht\u00ebpit\u00eb tona. Aktivitetet do t\u00eb transmetohen n\u00eb internet p\u00ebrmes platformave t\u00eb mediave sociale: n\u00eb faqen e \u2018Bashkimit Evropian\u2019, n\u00eb Kosov\u00eb n\u00eb Facebook dhe faqen e \u2018Sht\u00ebpis\u00eb s\u00eb Evrop\u00ebs\u2019, po ashtu n\u00eb Facebook. Disa nga programet do t\u00eb transmetohen edhe n\u00eb kanalet televizive. Aktivitetet do t\u00eb fillojn\u00eb sot, m\u00eb 9 maj dhe do t\u00eb zgjasin deri m\u00eb 15 maj 2020, duke synuar grup mosha t\u00eb ndryshme<\/em>.\u201d<\/p>\n<p>Zonja Zivalj, po ashtu tregoi m\u00eb tej se do t\u00eb ndajn\u00eb edhe \u00e7mimin vjetor &#8220;Evropiani i Vitit&#8221;.\u00a0 &#8216;Bashkimi Evropian\u2019 n\u00eb Kosov\u00eb i jep k\u00ebt\u00eb \u00e7mim nj\u00eb individi \/ institucioni q\u00eb ka kontribuar m\u00eb s\u00eb shumti n\u00eb promovimin e vlerave evropiane n\u00eb Kosov\u00eb gjat\u00eb vitit t\u00eb kaluar. K\u00ebt\u00eb vit \u00e7mimi do t\u2019u ndahet njer\u00ebzve q\u00eb dhan\u00eb kontribut t\u00eb r\u00ebnd\u00ebsish\u00ebm n\u00eb luftimin e \u2018COVID-19\u2019.<\/p>\n<p>Aktivitete t\u00eb tjera q\u00eb do t\u00eb p\u00ebrfshihen me rastin e \u2018Dit\u00ebs s\u00eb Evrop\u00ebs\u2019, jan\u00eb edhe performanca t\u00eb artist\u00ebve shqiptar\u00eb dhe serb. Do t\u00eb ket\u00eb nj\u00eb performanc\u00eb pianistja e njohur, Ardita Statovci. Po ashtu qytetar\u00ebt do t\u00eb ken\u00eb mund\u00ebsi t\u00eb ushtrojn\u00eb nga sht\u00ebpit\u00eb e tyre me kampionin n\u00eb kikboks, Aleksandar Vukosavljevi\u0107 dhe nj\u00eb klas\u00eb yoga me m\u00ebsuesen Floriana Bajrami. Aktivitetet p\u00ebrfshijn\u00eb edhe nj\u00eb duet nga sopranoja Arta Jashari &amp; Piero Mazzocchetti, pastaj nj\u00eb performanc\u00eb n\u00eb kitar\u00eb nga Petrit \u00c7eku dhe do t\u00eb k\u00ebndojn\u00eb live edhe Dafina Zeqiri dhe bendi \u2018Syt\u00eb\u2019.<\/p>\n<p>P\u00ebr t\u00eb m\u00ebsuar m\u00eb shum\u00eb rreth or\u00ebs s\u00eb sakt\u00eb p\u00ebr t\u00eb gjitha k\u00ebto aktivitete, ju mund t\u00eb njiheni p\u00ebrmes faqes zyrtare t\u00eb Bashkimit Evropian n\u00eb Kosov\u00eb, n\u00eb Facebook: \u2018European Union Kosovo\u2019.<\/p>\n","protected":false},"excerpt":{"rendered":"<p>\u2018Dita e Evrop\u00ebs\u2019 \u00ebsht\u00eb nj\u00eb fest\u00eb vjetore e bashkimit dhe paqes n\u00eb Evrop\u00eb. Data 9 Maj, sh\u00ebnon p\u00ebrvjetorin e deklarat\u00ebs historike t\u00eb ministrit t\u00eb jasht\u00ebm t\u00eb Franc\u00ebs, Robert Schuman, i cili prezantoi propozimin e tij p\u00ebr krijimin e nj\u00eb Evrope t\u00eb organizuar, p\u00ebr t\u00eb ndihmuar n\u00eb mir\u00ebmbajtjen e marr\u00ebdh\u00ebnieve paq\u00ebsore midis vendeve evropiane. Ky propozim,&hellip;<\/p>\n","protected":false},"author":3,"featured_media":52727,"comment_status":"closed","ping_status":"closed","sticky":false,"template":"","format":"standard","meta":{"_monsterinsights_skip_tracking":false,"_monsterinsights_sitenote_active":false,"_monsterinsights_sitenote_note":"","_monsterinsights_sitenote_category":0,"footnotes":""},"categories":[2],"tags":[],"class_list":["post-52726","post","type-post","status-publish","format-standard","has-post-thumbnail","hentry","category-news","category-2","description-off"],"_links":{"self":[{"href":"https:\/\/radiokfor.com\/1\/wp-json\/wp\/v2\/posts\/52726","targetHints":{"allow":["GET"]}}],"collection":[{"href":"https:\/\/radiokfor.com\/1\/wp-json\/wp\/v2\/posts"}],"about":[{"href":"https:\/\/radiokfor.com\/1\/wp-json\/wp\/v2\/types\/post"}],"author":[{"embeddable":true,"href":"https:\/\/radiokfor.com\/1\/wp-json\/wp\/v2\/users\/3"}],"replies":[{"embeddable":true,"href":"https:\/\/radiokfor.com\/1\/wp-json\/wp\/v2\/comments?post=52726"}],"version-history":[{"count":1,"href":"https:\/\/radiokfor.com\/1\/wp-json\/wp\/v2\/posts\/52726\/revisions"}],"predecessor-version":[{"id":52728,"href":"https:\/\/radiokfor.com\/1\/wp-json\/wp\/v2\/posts\/52726\/revisions\/52728"}],"wp:featuredmedia":[{"embeddable":true,"href":"https:\/\/radiokfor.com\/1\/wp-json\/wp\/v2\/media\/52727"}],"wp:attachment":[{"href":"https:\/\/radiokfor.com\/1\/wp-json\/wp\/v2\/media?parent=52726"}],"wp:term":[{"taxonomy":"category","embeddable":true,"href":"https:\/\/radiokfor.com\/1\/wp-json\/wp\/v2\/categories?post=52726"},{"taxonomy":"post_tag","embeddable":true,"href":"https:\/\/radiokfor.com\/1\/wp-json\/wp\/v2\/tags?post=52726"}],"curies":[{"name":"wp","href":"https:\/\/api.w.org\/{rel}","templated":true}]}}