{"id":52510,"date":"2020-04-28T06:04:18","date_gmt":"2020-04-28T06:04:18","guid":{"rendered":"http:\/\/radiokfor.com\/1\/?p=52510"},"modified":"2020-04-27T22:11:18","modified_gmt":"2020-04-27T22:11:18","slug":"perfitoni-aftesi-dixhitale-permes-trajnimit-online","status":"publish","type":"post","link":"https:\/\/radiokfor.com\/1\/perfitoni-aftesi-dixhitale-permes-trajnimit-online\/","title":{"rendered":"P\u00ebrfitoni aft\u00ebsi dixhitale p\u00ebrmes trajnimit online"},"content":{"rendered":"<p>P\u00ebr t\u00eb p\u00ebrvet\u00ebsuar njohurit\u00eb tuaja rreth rrjeteve sociale, sot (28.04.2020), duke filluar nga ora 14:00 deri n\u00eb or\u00ebn 15:00, do t\u00eb realizohet nj\u00eb trajnim (webinar), organizuar nga Kuvendi Rinor i Prishtin\u00ebs.<\/p>\n<p>Ky aktivitet, synon t\u00eb ju m\u00ebsoj mbi informatat bazike, si p.sh, \u00e7ka jan\u00eb rrjetet sociale dhe si funksionojn\u00eb ato, si ndikojn\u00eb ato n\u00eb jet\u00ebn personale dhe si mund t\u00eb ndikojn\u00eb n\u00eb zhvillimin profesional.<br \/>\nPo ashtu p\u00ebrmes k\u00ebtij webinari, do t\u00eb mund t\u00eb m\u00ebsoni se \u00e7ka jan\u00eb target grupet dhe termat \u2018\u2018CPC, CTR, CPM\u2018\u2018, \u00e7far\u00eb \u00ebsht\u00eb me r\u00ebnd\u00ebsi kur postoni n\u00eb rrjete sociale, si \u00ebsht\u00eb t\u00eb jesh nj\u00eb menagjer i medias sociale, etj. T\u00eb gjitha k\u00ebto informacione, do t\u00eb mund ti m\u00ebsoni nga Ligj\u00ebruesja, Rezarta Krasniqi.<\/p>\n<p>P\u00ebr pjes\u00ebmarrje n\u00eb k\u00ebt\u00eb trajnim duhet t\u00eb plot\u00ebsoni form\u00ebn n\u00eb k\u00ebt\u00eb link:\u00a0 <a href=\"https:\/\/forms.gle\/vDLDjunDZoJbmTmN7\">https:\/\/forms.gle\/vDLDjunDZoJbmTmN7<\/a><\/p>\n","protected":false},"excerpt":{"rendered":"<p>P\u00ebr t\u00eb p\u00ebrvet\u00ebsuar njohurit\u00eb tuaja rreth rrjeteve sociale, sot (28.04.2020), duke filluar nga ora 14:00 deri n\u00eb or\u00ebn 15:00, do t\u00eb realizohet nj\u00eb trajnim (webinar), organizuar nga Kuvendi Rinor i Prishtin\u00ebs. Ky aktivitet, synon t\u00eb ju m\u00ebsoj mbi informatat bazike, si p.sh, \u00e7ka jan\u00eb rrjetet sociale dhe si funksionojn\u00eb ato, si ndikojn\u00eb ato n\u00eb jet\u00ebn&hellip;<\/p>\n","protected":false},"author":3,"featured_media":52511,"comment_status":"closed","ping_status":"closed","sticky":false,"template":"","format":"standard","meta":{"_monsterinsights_skip_tracking":false,"_monsterinsights_sitenote_active":false,"_monsterinsights_sitenote_note":"","_monsterinsights_sitenote_category":0,"footnotes":""},"categories":[2],"tags":[],"class_list":["post-52510","post","type-post","status-publish","format-standard","has-post-thumbnail","hentry","category-news","category-2","description-off"],"_links":{"self":[{"href":"https:\/\/radiokfor.com\/1\/wp-json\/wp\/v2\/posts\/52510","targetHints":{"allow":["GET"]}}],"collection":[{"href":"https:\/\/radiokfor.com\/1\/wp-json\/wp\/v2\/posts"}],"about":[{"href":"https:\/\/radiokfor.com\/1\/wp-json\/wp\/v2\/types\/post"}],"author":[{"embeddable":true,"href":"https:\/\/radiokfor.com\/1\/wp-json\/wp\/v2\/users\/3"}],"replies":[{"embeddable":true,"href":"https:\/\/radiokfor.com\/1\/wp-json\/wp\/v2\/comments?post=52510"}],"version-history":[{"count":1,"href":"https:\/\/radiokfor.com\/1\/wp-json\/wp\/v2\/posts\/52510\/revisions"}],"predecessor-version":[{"id":52512,"href":"https:\/\/radiokfor.com\/1\/wp-json\/wp\/v2\/posts\/52510\/revisions\/52512"}],"wp:featuredmedia":[{"embeddable":true,"href":"https:\/\/radiokfor.com\/1\/wp-json\/wp\/v2\/media\/52511"}],"wp:attachment":[{"href":"https:\/\/radiokfor.com\/1\/wp-json\/wp\/v2\/media?parent=52510"}],"wp:term":[{"taxonomy":"category","embeddable":true,"href":"https:\/\/radiokfor.com\/1\/wp-json\/wp\/v2\/categories?post=52510"},{"taxonomy":"post_tag","embeddable":true,"href":"https:\/\/radiokfor.com\/1\/wp-json\/wp\/v2\/tags?post=52510"}],"curies":[{"name":"wp","href":"https:\/\/api.w.org\/{rel}","templated":true}]}}