{"id":52486,"date":"2020-05-03T06:07:50","date_gmt":"2020-05-03T06:07:50","guid":{"rendered":"http:\/\/radiokfor.com\/1\/?p=52486"},"modified":"2020-04-25T22:16:26","modified_gmt":"2020-04-25T22:16:26","slug":"shenohet-sot-dita-nderkombetare-e-lirise-se-shtypit","status":"publish","type":"post","link":"https:\/\/radiokfor.com\/1\/shenohet-sot-dita-nderkombetare-e-lirise-se-shtypit\/","title":{"rendered":"Sh\u00ebnohet sot \u201cDita Nd\u00ebrkomb\u00ebtare e Liris\u00eb s\u00eb Shtypit\u201d"},"content":{"rendered":"<p>3 Maji sh\u00ebnon \u201cDit\u00ebn Nd\u00ebrkomb\u00ebtare t\u00eb Liris\u00eb s\u00eb Medias\u201d, e cila rikujton se liria e shtypit dhe liria e shprehjes jan\u00eb t\u00eb drejta themelore t\u00eb njeriut. Poashtu, gjat\u00eb k\u00ebsaj dite p\u00ebrkujtohen t\u00eb gjith\u00eb ata njer\u00ebz e gazetar\u00eb q\u00eb gjet\u00ebn vdekjen apo edhe u burgos\u00ebn n\u00eb p\u00ebrpjekje p\u00ebr t\u00eb sjell\u00eb lajmin tek publiku.<\/p>\n<p>\u201cDita Nd\u00ebrkomb\u00ebtare e Liris\u00eb s\u00eb Medias\u201d, \u00ebsht\u00eb themeluar nga Asambleja e P\u00ebrgjithshme e Kombeve t\u00eb Bashkuara, n\u00eb dhjetor t\u00eb vitit 1993, si nj\u00eb zgjatim i Seminarit mbi Promovimin e nj\u00eb shtypi t\u00eb pavarur dhe pluralist afrikan. Ky seminar u zhvillua n\u00eb Namibi n\u00eb vitin 1991 dhe solli miratimin e Deklarat\u00ebs \u2018Windhoek\u2019, mbi Promovimin dhe Pluralizmin e Medias.<\/p>\n<p>\u00c7do vit, q\u00eb nga viti 1997, UNESCO nderon me \u00c7mimin Bot\u00ebror t\u00eb Liris\u00eb s\u00eb Medias, Guillermo Cano, pun\u00ebn e nj\u00eb individi apo t\u00eb nj\u00eb organizate p\u00ebr t\u00eb mbrojtur apo promovuar lirin\u00eb e shprehjes, ve\u00e7an\u00ebrisht n\u00eb qoft\u00eb se ajo e v\u00eb jet\u00ebn e individit n\u00eb rrezik.<\/p>\n","protected":false},"excerpt":{"rendered":"<p>3 Maji sh\u00ebnon \u201cDit\u00ebn Nd\u00ebrkomb\u00ebtare t\u00eb Liris\u00eb s\u00eb Medias\u201d, e cila rikujton se liria e shtypit dhe liria e shprehjes jan\u00eb t\u00eb drejta themelore t\u00eb njeriut. Poashtu, gjat\u00eb k\u00ebsaj dite p\u00ebrkujtohen t\u00eb gjith\u00eb ata njer\u00ebz e gazetar\u00eb q\u00eb gjet\u00ebn vdekjen apo edhe u burgos\u00ebn n\u00eb p\u00ebrpjekje p\u00ebr t\u00eb sjell\u00eb lajmin tek publiku. \u201cDita Nd\u00ebrkomb\u00ebtare e&hellip;<\/p>\n","protected":false},"author":3,"featured_media":52487,"comment_status":"closed","ping_status":"closed","sticky":false,"template":"","format":"standard","meta":{"_monsterinsights_skip_tracking":false,"_monsterinsights_sitenote_active":false,"_monsterinsights_sitenote_note":"","_monsterinsights_sitenote_category":0,"footnotes":""},"categories":[2],"tags":[],"class_list":["post-52486","post","type-post","status-publish","format-standard","has-post-thumbnail","hentry","category-news","category-2","description-off"],"_links":{"self":[{"href":"https:\/\/radiokfor.com\/1\/wp-json\/wp\/v2\/posts\/52486","targetHints":{"allow":["GET"]}}],"collection":[{"href":"https:\/\/radiokfor.com\/1\/wp-json\/wp\/v2\/posts"}],"about":[{"href":"https:\/\/radiokfor.com\/1\/wp-json\/wp\/v2\/types\/post"}],"author":[{"embeddable":true,"href":"https:\/\/radiokfor.com\/1\/wp-json\/wp\/v2\/users\/3"}],"replies":[{"embeddable":true,"href":"https:\/\/radiokfor.com\/1\/wp-json\/wp\/v2\/comments?post=52486"}],"version-history":[{"count":1,"href":"https:\/\/radiokfor.com\/1\/wp-json\/wp\/v2\/posts\/52486\/revisions"}],"predecessor-version":[{"id":52488,"href":"https:\/\/radiokfor.com\/1\/wp-json\/wp\/v2\/posts\/52486\/revisions\/52488"}],"wp:featuredmedia":[{"embeddable":true,"href":"https:\/\/radiokfor.com\/1\/wp-json\/wp\/v2\/media\/52487"}],"wp:attachment":[{"href":"https:\/\/radiokfor.com\/1\/wp-json\/wp\/v2\/media?parent=52486"}],"wp:term":[{"taxonomy":"category","embeddable":true,"href":"https:\/\/radiokfor.com\/1\/wp-json\/wp\/v2\/categories?post=52486"},{"taxonomy":"post_tag","embeddable":true,"href":"https:\/\/radiokfor.com\/1\/wp-json\/wp\/v2\/tags?post=52486"}],"curies":[{"name":"wp","href":"https:\/\/api.w.org\/{rel}","templated":true}]}}