{"id":52472,"date":"2020-04-26T07:02:27","date_gmt":"2020-04-26T07:02:27","guid":{"rendered":"http:\/\/radiokfor.com\/1\/?p=52472"},"modified":"2020-04-25T21:14:39","modified_gmt":"2020-04-25T21:14:39","slug":"shenohet-sot-dita-boterore-e-pronesise-intelektuale","status":"publish","type":"post","link":"https:\/\/radiokfor.com\/1\/shenohet-sot-dita-boterore-e-pronesise-intelektuale\/","title":{"rendered":"Sh\u00ebnohet sot \u201cDita Bot\u00ebrore e Pron\u00ebsis\u00eb Intelektuale\u201d"},"content":{"rendered":"<p>\u201cDita Bot\u00ebrore e Pron\u00ebsis\u00eb Intelektuale\u201d sh\u00ebnohet \u00e7do 26 Prill, duke synuar rritjen e nd\u00ebrgjegj\u00ebsimit dhe kuptimin e njer\u00ebzve p\u00ebr pron\u00ebsin\u00eb intelektuale.<\/p>\n<p>Organizata Bot\u00ebrore e Pron\u00ebsis\u00eb Intelektuale (WIPO) punon \u00e7do vit s\u00eb bashku me agjenci t\u00eb ndryshme qeveritare, organizata joqeveritare, grupe t\u00eb komuniteteve dhe individ\u00eb t\u00eb ndrysh\u00ebm, p\u00ebr t\u00eb promovuar \u201cDit\u00ebn Bot\u00ebrore t\u00eb Pron\u00ebsis\u00eb Intelektuale\u201d. Ata jan\u00eb t\u00eb p\u00ebrkushtuar n\u00eb zhvillimin e nj\u00eb sistemi t\u00eb pron\u00ebs intelektuale nd\u00ebrkomb\u00ebtare t\u00eb ekuilibruar dhe t\u00eb arritshme, e cila shp\u00ebrblen kreativitetin, stimulon inovacionin dhe kontribuon n\u00eb zhvillimin ekonomik duke mbrojtur interesin publik.<\/p>\n<p>\u201cDita Bot\u00ebrore e Pron\u00ebsis\u00eb Intelektuale\u201d, e njohur ndryshe edhe si Dita Bot\u00ebrore e IP-s\u00eb, luan rol kryesor n\u00eb rritjen e t\u00eb kuptuarit publik se \u00e7far\u00eb do t\u00eb thot\u00eb IP (Pron\u00ebsi Intelektuale) dhe n\u00eb t\u00eb nj\u00ebjt\u00ebn koh\u00eb t\u00eb tregoj\u00eb se sistemi IP mb\u00ebshtet jo vet\u00ebm muzik\u00ebn, artet dhe arg\u00ebtimet, por edhe t\u00eb gjitha produktet dhe risit\u00eb teknologjike q\u00eb ndihmojn\u00eb n\u00eb formimin e nj\u00eb bote m\u00eb t\u00eb mire p\u00ebr t\u00eb gjith\u00eb njer\u00ebzit.<\/p>\n","protected":false},"excerpt":{"rendered":"<p>\u201cDita Bot\u00ebrore e Pron\u00ebsis\u00eb Intelektuale\u201d sh\u00ebnohet \u00e7do 26 Prill, duke synuar rritjen e nd\u00ebrgjegj\u00ebsimit dhe kuptimin e njer\u00ebzve p\u00ebr pron\u00ebsin\u00eb intelektuale. Organizata Bot\u00ebrore e Pron\u00ebsis\u00eb Intelektuale (WIPO) punon \u00e7do vit s\u00eb bashku me agjenci t\u00eb ndryshme qeveritare, organizata joqeveritare, grupe t\u00eb komuniteteve dhe individ\u00eb t\u00eb ndrysh\u00ebm, p\u00ebr t\u00eb promovuar \u201cDit\u00ebn Bot\u00ebrore t\u00eb Pron\u00ebsis\u00eb Intelektuale\u201d. Ata&hellip;<\/p>\n","protected":false},"author":3,"featured_media":52473,"comment_status":"closed","ping_status":"closed","sticky":false,"template":"","format":"standard","meta":{"_monsterinsights_skip_tracking":false,"_monsterinsights_sitenote_active":false,"_monsterinsights_sitenote_note":"","_monsterinsights_sitenote_category":0,"footnotes":""},"categories":[2],"tags":[],"class_list":["post-52472","post","type-post","status-publish","format-standard","has-post-thumbnail","hentry","category-news","category-2","description-off"],"_links":{"self":[{"href":"https:\/\/radiokfor.com\/1\/wp-json\/wp\/v2\/posts\/52472","targetHints":{"allow":["GET"]}}],"collection":[{"href":"https:\/\/radiokfor.com\/1\/wp-json\/wp\/v2\/posts"}],"about":[{"href":"https:\/\/radiokfor.com\/1\/wp-json\/wp\/v2\/types\/post"}],"author":[{"embeddable":true,"href":"https:\/\/radiokfor.com\/1\/wp-json\/wp\/v2\/users\/3"}],"replies":[{"embeddable":true,"href":"https:\/\/radiokfor.com\/1\/wp-json\/wp\/v2\/comments?post=52472"}],"version-history":[{"count":1,"href":"https:\/\/radiokfor.com\/1\/wp-json\/wp\/v2\/posts\/52472\/revisions"}],"predecessor-version":[{"id":52474,"href":"https:\/\/radiokfor.com\/1\/wp-json\/wp\/v2\/posts\/52472\/revisions\/52474"}],"wp:featuredmedia":[{"embeddable":true,"href":"https:\/\/radiokfor.com\/1\/wp-json\/wp\/v2\/media\/52473"}],"wp:attachment":[{"href":"https:\/\/radiokfor.com\/1\/wp-json\/wp\/v2\/media?parent=52472"}],"wp:term":[{"taxonomy":"category","embeddable":true,"href":"https:\/\/radiokfor.com\/1\/wp-json\/wp\/v2\/categories?post=52472"},{"taxonomy":"post_tag","embeddable":true,"href":"https:\/\/radiokfor.com\/1\/wp-json\/wp\/v2\/tags?post=52472"}],"curies":[{"name":"wp","href":"https:\/\/api.w.org\/{rel}","templated":true}]}}