{"id":52375,"date":"2020-04-21T05:27:14","date_gmt":"2020-04-21T05:27:14","guid":{"rendered":"http:\/\/radiokfor.com\/1\/?p=52375"},"modified":"2020-04-20T21:31:31","modified_gmt":"2020-04-20T21:31:31","slug":"behuni-gati-sonte-per-nje-spektakel-qiellor","status":"publish","type":"post","link":"https:\/\/radiokfor.com\/1\/behuni-gati-sonte-per-nje-spektakel-qiellor\/","title":{"rendered":"B\u00ebhuni gati sonte p\u00ebr nj\u00eb spektak\u00ebl qiellor"},"content":{"rendered":"<p>Pamje mbres\u00ebl\u00ebn\u00ebse do t\u00eb krijohen n\u00eb qiell, sonte n\u00eb mes t\u00eb dat\u00ebs 21 dhe 22 prill, me \u00e7\u2019rast Ekstravagana astronomike, e cila zhvillohet \u00e7do Prill, do t\u00eb ju mund\u00ebsoj t\u00eb shihni deri n\u00eb 15 meteor\u00eb n\u00eb or\u00eb.<br \/>\nR\u00ebndom, dushi meteor Lirida, zhvillohet n\u00eb jav\u00ebn e fundit t\u00eb muajit Prill t\u00eb \u00e7do viti dhe njer\u00ebzit n\u00eb hemisfer\u00ebn veriore, n\u00eb ve\u00e7anti n\u00eb Evrop\u00eb, do t\u00eb shohin nj\u00eb shfaqje drite m\u00eb &#8220;cil\u00ebsi t\u00eb lart\u00eb&#8221;.<br \/>\nSi zakonisht, m\u00ebnyra m\u00eb e mir\u00eb p\u00ebr t\u00eb par\u00eb dushin e meteorit \u00ebsht\u00eb t\u00eb siguroheni q\u00eb jeni larg nga \u00e7do burim drite.<br \/>\nAstronom\u00ebt n\u00eb hemisfer\u00ebn veriore do t\u00eb ken\u00eb mund\u00ebsin\u00eb t\u00eb v\u00ebzhgojn\u00eb dushin meteor Lirida, i cili \u00ebsht\u00eb nj\u00eb shteg me pluhur q\u00eb po rrotullohet n\u00eb orbit\u00eb rreth Diellit p\u00ebr shum\u00eb shekuj. Ashtu si shumica e dusheve meteor, koha e shikimit t\u00eb k\u00ebsaj shfaqjeje, do t\u00eb jet\u00eb para agimit.<br \/>\nDushet e meteorit ndodhin kur Toka kalon shtegun e nj\u00eb komete, duke u p\u00ebrplasur me mbeturinat e komet\u00ebs. Kjo \u00ebsht\u00eb arsyeja pse ato ndodhin n\u00eb t\u00eb nj\u00ebjt\u00ebn koh\u00eb \u00e7do vit, dhe vijn\u00eb nga pika specifike n\u00eb qiell. Kur meteor\u00ebt digjen n\u00eb atmosfer\u00eb, ata l\u00ebn\u00eb shirita t\u00eb ndritsh\u00ebm n\u00eb qiell,<\/p>\n","protected":false},"excerpt":{"rendered":"<p>Pamje mbres\u00ebl\u00ebn\u00ebse do t\u00eb krijohen n\u00eb qiell, sonte n\u00eb mes t\u00eb dat\u00ebs 21 dhe 22 prill, me \u00e7\u2019rast Ekstravagana astronomike, e cila zhvillohet \u00e7do Prill, do t\u00eb ju mund\u00ebsoj t\u00eb shihni deri n\u00eb 15 meteor\u00eb n\u00eb or\u00eb. R\u00ebndom, dushi meteor Lirida, zhvillohet n\u00eb jav\u00ebn e fundit t\u00eb muajit Prill t\u00eb \u00e7do viti dhe njer\u00ebzit n\u00eb&hellip;<\/p>\n","protected":false},"author":3,"featured_media":52376,"comment_status":"closed","ping_status":"closed","sticky":false,"template":"","format":"standard","meta":{"_monsterinsights_skip_tracking":false,"_monsterinsights_sitenote_active":false,"_monsterinsights_sitenote_note":"","_monsterinsights_sitenote_category":0,"footnotes":""},"categories":[2],"tags":[],"class_list":["post-52375","post","type-post","status-publish","format-standard","has-post-thumbnail","hentry","category-news","category-2","description-off"],"_links":{"self":[{"href":"https:\/\/radiokfor.com\/1\/wp-json\/wp\/v2\/posts\/52375","targetHints":{"allow":["GET"]}}],"collection":[{"href":"https:\/\/radiokfor.com\/1\/wp-json\/wp\/v2\/posts"}],"about":[{"href":"https:\/\/radiokfor.com\/1\/wp-json\/wp\/v2\/types\/post"}],"author":[{"embeddable":true,"href":"https:\/\/radiokfor.com\/1\/wp-json\/wp\/v2\/users\/3"}],"replies":[{"embeddable":true,"href":"https:\/\/radiokfor.com\/1\/wp-json\/wp\/v2\/comments?post=52375"}],"version-history":[{"count":1,"href":"https:\/\/radiokfor.com\/1\/wp-json\/wp\/v2\/posts\/52375\/revisions"}],"predecessor-version":[{"id":52377,"href":"https:\/\/radiokfor.com\/1\/wp-json\/wp\/v2\/posts\/52375\/revisions\/52377"}],"wp:featuredmedia":[{"embeddable":true,"href":"https:\/\/radiokfor.com\/1\/wp-json\/wp\/v2\/media\/52376"}],"wp:attachment":[{"href":"https:\/\/radiokfor.com\/1\/wp-json\/wp\/v2\/media?parent=52375"}],"wp:term":[{"taxonomy":"category","embeddable":true,"href":"https:\/\/radiokfor.com\/1\/wp-json\/wp\/v2\/categories?post=52375"},{"taxonomy":"post_tag","embeddable":true,"href":"https:\/\/radiokfor.com\/1\/wp-json\/wp\/v2\/tags?post=52375"}],"curies":[{"name":"wp","href":"https:\/\/api.w.org\/{rel}","templated":true}]}}