{"id":52365,"date":"2020-04-21T05:00:46","date_gmt":"2020-04-21T05:00:46","guid":{"rendered":"http:\/\/radiokfor.com\/1\/?p=52365"},"modified":"2020-04-19T23:13:48","modified_gmt":"2020-04-19T23:13:48","slug":"shenohet-sot-dita-boterore-e-kreativitetit-dhe-inovacionit","status":"publish","type":"post","link":"https:\/\/radiokfor.com\/1\/shenohet-sot-dita-boterore-e-kreativitetit-dhe-inovacionit\/","title":{"rendered":"Sh\u00ebnohet sot \u201cDita Bot\u00ebrore e Kreativitetit dhe Inovacionit\u201d"},"content":{"rendered":"<p>Sot (21 prill) sh\u00ebnohet \u201cDita Bot\u00ebrore e Kreativitetit dhe Inovacionit\u201d, duke rikujtuar krijimtarit\u00eb, fal\u00eb t\u00eb cilave ne kemi kushte m\u00eb t\u00eb mira p\u00ebr jetes\u00eb. Kjo dit\u00eb sh\u00ebnohet q\u00eb nga viti 2002 n\u00eb m\u00eb shum\u00eb se 46 vende t\u00eb bot\u00ebs.<br \/>\nSpecialisti i krijimtaris\u00eb, Marci Segal, ishte ideator i k\u00ebsaj dite, duke inkurajuar njer\u00ebzit q\u00eb t\u00eb p\u00ebrdorin krijimtarin\u00eb e tyre p\u00ebr ta b\u00ebr\u00eb bot\u00ebn nj\u00eb vend m\u00eb t\u00eb mir\u00eb.<\/p>\n<p>\u201cDita Bot\u00ebrore e Kreativitetit dhe Inovacionit\u201d, inkurajon t\u00eb gjith\u00eb njer\u00ebzit q\u00eb t\u00eb imagjinojn\u00eb nj\u00eb bot\u00eb ndryshe, me zgjidhje t\u00eb ndryshme.<\/p>\n<p>Ndoshta ju mund t\u00eb keni nj\u00eb ide t\u00eb mir\u00eb, mbani nj\u00eb sh\u00ebnim, ndani ato me rrethin tuaj. Ndoshta nga ideja juaj mund t\u00eb p\u00ebrfitojn\u00eb t\u00eb gjith\u00eb. \u00a0Vendosni idet\u00eb n\u00eb l\u00ebvizje dhe shikoni se ku mund t\u00eb arrij\u00eb krijimtaria juaj.<br \/>\n\u201cDita Bot\u00ebrore e Kreativitetit dhe Inovacionit\u201d mund t\u00eb jet\u00eb dita q\u00eb ju t\u00eb p\u00ebrcaktoheni p\u00ebr nj\u00eb rrug\u00eb krejt\u00ebsisht t\u00eb re!<\/p>\n","protected":false},"excerpt":{"rendered":"<p>Sot (21 prill) sh\u00ebnohet \u201cDita Bot\u00ebrore e Kreativitetit dhe Inovacionit\u201d, duke rikujtuar krijimtarit\u00eb, fal\u00eb t\u00eb cilave ne kemi kushte m\u00eb t\u00eb mira p\u00ebr jetes\u00eb. Kjo dit\u00eb sh\u00ebnohet q\u00eb nga viti 2002 n\u00eb m\u00eb shum\u00eb se 46 vende t\u00eb bot\u00ebs. Specialisti i krijimtaris\u00eb, Marci Segal, ishte ideator i k\u00ebsaj dite, duke inkurajuar njer\u00ebzit q\u00eb t\u00eb p\u00ebrdorin&hellip;<\/p>\n","protected":false},"author":3,"featured_media":52366,"comment_status":"closed","ping_status":"closed","sticky":false,"template":"","format":"standard","meta":{"_monsterinsights_skip_tracking":false,"_monsterinsights_sitenote_active":false,"_monsterinsights_sitenote_note":"","_monsterinsights_sitenote_category":0,"footnotes":""},"categories":[2],"tags":[],"class_list":["post-52365","post","type-post","status-publish","format-standard","has-post-thumbnail","hentry","category-news","category-2","description-off"],"_links":{"self":[{"href":"https:\/\/radiokfor.com\/1\/wp-json\/wp\/v2\/posts\/52365","targetHints":{"allow":["GET"]}}],"collection":[{"href":"https:\/\/radiokfor.com\/1\/wp-json\/wp\/v2\/posts"}],"about":[{"href":"https:\/\/radiokfor.com\/1\/wp-json\/wp\/v2\/types\/post"}],"author":[{"embeddable":true,"href":"https:\/\/radiokfor.com\/1\/wp-json\/wp\/v2\/users\/3"}],"replies":[{"embeddable":true,"href":"https:\/\/radiokfor.com\/1\/wp-json\/wp\/v2\/comments?post=52365"}],"version-history":[{"count":2,"href":"https:\/\/radiokfor.com\/1\/wp-json\/wp\/v2\/posts\/52365\/revisions"}],"predecessor-version":[{"id":52368,"href":"https:\/\/radiokfor.com\/1\/wp-json\/wp\/v2\/posts\/52365\/revisions\/52368"}],"wp:featuredmedia":[{"embeddable":true,"href":"https:\/\/radiokfor.com\/1\/wp-json\/wp\/v2\/media\/52366"}],"wp:attachment":[{"href":"https:\/\/radiokfor.com\/1\/wp-json\/wp\/v2\/media?parent=52365"}],"wp:term":[{"taxonomy":"category","embeddable":true,"href":"https:\/\/radiokfor.com\/1\/wp-json\/wp\/v2\/categories?post=52365"},{"taxonomy":"post_tag","embeddable":true,"href":"https:\/\/radiokfor.com\/1\/wp-json\/wp\/v2\/tags?post=52365"}],"curies":[{"name":"wp","href":"https:\/\/api.w.org\/{rel}","templated":true}]}}