{"id":52353,"date":"2020-04-20T05:09:15","date_gmt":"2020-04-20T05:09:15","guid":{"rendered":"http:\/\/radiokfor.com\/1\/?p=52353"},"modified":"2020-04-18T00:13:50","modified_gmt":"2020-04-18T00:13:50","slug":"sot-eshte-dita-e-gjuhes-kineze","status":"publish","type":"post","link":"https:\/\/radiokfor.com\/1\/sot-eshte-dita-e-gjuhes-kineze\/","title":{"rendered":"Sot \u00ebsht\u00eb \u2018Dita e Gjuh\u00ebs Kineze\u2019"},"content":{"rendered":"<p>N\u00eb kalendarin e datave t\u00eb r\u00ebnd\u00ebsishme, 20 Prilli sh\u00ebnon \u2018Dit\u00ebn e Gjuh\u00ebs Kineze\u2019. Kjo dat\u00eb \u00ebsht\u00eb shpallur nga Kombet e Bashkuara me q\u00ebllim t\u00eb njohjes s\u00eb kontributit t\u00eb gjuh\u00ebs, literatur\u00ebs dhe poezis\u00eb kineze n\u00eb kultur\u00ebn bot\u00ebrore.<\/p>\n<p>Nd\u00ebr vite, p\u00ebr nder t\u00eb sh\u00ebnimit t\u00eb k\u00ebsaj dite, Kombet e Bashkuara dhe organizata partnere t\u00eb saj organizojn\u00eb ngjarje t\u00eb ndryshme, p\u00ebr t\u00eb v\u00ebn\u00eb n\u00eb pah kultur\u00ebn dhe historin\u00eb e pasur t\u00eb gjuh\u00ebs kineze, n\u00eb t\u00eb cilat paraqiten autor\u00eb t\u00eb shquar, poet\u00eb dhe kaligraf\u00eb kinez\u00eb. Po ashtu, n\u00eb vende t\u00eb ndryshme t\u00eb bot\u00ebs organizohen koncerte me muzik\u00eb kineze, shfaqje t\u00eb arteve marciale dhe ekspozita kaligrafike.<\/p>\n<p>Kombet e Bashkuara kan\u00eb gjasht\u00eb gjuh\u00eb zyrtare: gjuh\u00ebn arabe, kineze, angleze, franceze, ruse dhe spanjolle. Secila prej tyre sh\u00ebnohet n\u00eb nj\u00eb dat\u00eb t\u00eb caktuar me q\u00ebllim t\u00eb promovimit t\u00eb multikulturalizmit dhe mir\u00ebkuptimit nd\u00ebrkulturor, duke shfaqur historin\u00eb e pasur dhe kultur\u00ebn letrare t\u00eb secil\u00ebs gjuh\u00eb.<\/p>\n<p>Sh\u00ebnimi p\u00ebr her\u00eb t\u00eb par\u00eb i \u2018Dit\u00ebs e Gjuh\u00ebs Kineze\u2019, nga Kombet e Bashkuara \u00ebsht\u00eb shpallur m\u00eb 12 n\u00ebntor t\u00eb vitit 2010, nd\u00ebrsa nj\u00eb vit m\u00eb von\u00eb, m\u00eb 2011, kjo dat\u00eb \u00ebsht\u00eb zhvendosur me 20 prill, dat\u00eb kjo q\u00eb sh\u00ebnohet edhe sot pas 9 viteve.<\/p>\n","protected":false},"excerpt":{"rendered":"<p>N\u00eb kalendarin e datave t\u00eb r\u00ebnd\u00ebsishme, 20 Prilli sh\u00ebnon \u2018Dit\u00ebn e Gjuh\u00ebs Kineze\u2019. Kjo dat\u00eb \u00ebsht\u00eb shpallur nga Kombet e Bashkuara me q\u00ebllim t\u00eb njohjes s\u00eb kontributit t\u00eb gjuh\u00ebs, literatur\u00ebs dhe poezis\u00eb kineze n\u00eb kultur\u00ebn bot\u00ebrore. Nd\u00ebr vite, p\u00ebr nder t\u00eb sh\u00ebnimit t\u00eb k\u00ebsaj dite, Kombet e Bashkuara dhe organizata partnere t\u00eb saj organizojn\u00eb ngjarje&hellip;<\/p>\n","protected":false},"author":3,"featured_media":52355,"comment_status":"closed","ping_status":"closed","sticky":false,"template":"","format":"standard","meta":{"_monsterinsights_skip_tracking":false,"_monsterinsights_sitenote_active":false,"_monsterinsights_sitenote_note":"","_monsterinsights_sitenote_category":0,"footnotes":""},"categories":[2],"tags":[],"class_list":["post-52353","post","type-post","status-publish","format-standard","has-post-thumbnail","hentry","category-news","category-2","description-off"],"_links":{"self":[{"href":"https:\/\/radiokfor.com\/1\/wp-json\/wp\/v2\/posts\/52353","targetHints":{"allow":["GET"]}}],"collection":[{"href":"https:\/\/radiokfor.com\/1\/wp-json\/wp\/v2\/posts"}],"about":[{"href":"https:\/\/radiokfor.com\/1\/wp-json\/wp\/v2\/types\/post"}],"author":[{"embeddable":true,"href":"https:\/\/radiokfor.com\/1\/wp-json\/wp\/v2\/users\/3"}],"replies":[{"embeddable":true,"href":"https:\/\/radiokfor.com\/1\/wp-json\/wp\/v2\/comments?post=52353"}],"version-history":[{"count":1,"href":"https:\/\/radiokfor.com\/1\/wp-json\/wp\/v2\/posts\/52353\/revisions"}],"predecessor-version":[{"id":52356,"href":"https:\/\/radiokfor.com\/1\/wp-json\/wp\/v2\/posts\/52353\/revisions\/52356"}],"wp:featuredmedia":[{"embeddable":true,"href":"https:\/\/radiokfor.com\/1\/wp-json\/wp\/v2\/media\/52355"}],"wp:attachment":[{"href":"https:\/\/radiokfor.com\/1\/wp-json\/wp\/v2\/media?parent=52353"}],"wp:term":[{"taxonomy":"category","embeddable":true,"href":"https:\/\/radiokfor.com\/1\/wp-json\/wp\/v2\/categories?post=52353"},{"taxonomy":"post_tag","embeddable":true,"href":"https:\/\/radiokfor.com\/1\/wp-json\/wp\/v2\/tags?post=52353"}],"curies":[{"name":"wp","href":"https:\/\/api.w.org\/{rel}","templated":true}]}}