{"id":51223,"date":"2020-02-04T05:17:55","date_gmt":"2020-02-04T05:17:55","guid":{"rendered":"http:\/\/radiokfor.com\/1\/?p=51223"},"modified":"2020-02-03T16:36:03","modified_gmt":"2020-02-03T16:36:03","slug":"shenohet-sot-dita-boterore-e-kancerit","status":"publish","type":"post","link":"https:\/\/radiokfor.com\/1\/shenohet-sot-dita-boterore-e-kancerit\/","title":{"rendered":"Sh\u00ebnohet sot \u201cDita Bot\u00ebrore e Kancerit\u201d"},"content":{"rendered":"<p>Sot (4 shkurt) sh\u00ebnohet \u201cDita Bot\u00ebrore e Kancerit\u201d, synimi i s\u00eb cil\u00ebs \u00ebsht\u00eb t\u00eb zvog\u00ebloj\u00eb numrin e vdekjeve q\u00eb ndodhin \u00e7do vit, duke e rritur nd\u00ebrgjegj\u00ebsimin p\u00ebr s\u00ebmundjen e kancerit.<br \/>\nP\u00ebr t\u2019iu bashkuar bot\u00ebs n\u00eb luft\u00ebn kund\u00ebr epidemis\u00eb globale t\u00eb kancerit, Klinika e Onkologjis\u00eb s\u00eb bashku me Shoqat\u00ebn e Onkolog\u00ebve, sot nga ora 12:00, organizojn\u00eb konferenc\u00eb p\u00ebr media, duke njoftuar p\u00ebr t\u00eb dh\u00ebnat e vitit t\u00eb kaluar, sfidat e tanishme, projektet e k\u00ebtij viti dhe viteve t\u00eb ardhshme, lidhur me menaxhimin e rasteve me kancer.<\/p>\n<p>Me k\u00ebt\u00eb rast, Radio KFOR-i kontaktoi Drejtorin e Klinik\u00ebs s\u00eb Onkologjis\u00eb, Dr. Ilir Kurtishi, i cili tregoi se cilat lloje t\u00eb kancerit jan\u00eb m\u00eb t\u00eb shfaqura dhe cilat mosha preken nga kanceri:<\/p>\n<p><em>\u201cTe meshkujt dominon kanceri i mushk\u00ebrive. Pacient\u00ebt t\u00eb cil\u00ebt atakohen me k\u00ebt\u00eb s\u00ebmundje zakonisht jan\u00eb mbi mosh\u00ebn 50 vje\u00e7are. Te gjinia fem\u00ebrore, dominon kanceri i gjirit dhe k\u00ebto forma m\u00eb t\u00eb shpeshta t\u00eb k\u00ebsaj s\u00ebmundje gjenden tek femrat mbi mosh\u00ebn 50 vje\u00e7 , ky \u00ebsht\u00eb piku i par\u00eb, nd\u00ebrsa piku i dyt\u00eb \u00ebsht\u00eb pas mosh\u00ebs 60 vje\u00e7are edhe pse koh\u00ebve t\u00eb fundit kemi femra edhe n\u00ebn mosh\u00ebn 40-t\u00eb vje\u00e7are, t\u00eb cilat kan\u00eb kancer t\u00eb gjirit dhe p\u00ebr fat t\u00eb keq kan\u00eb kancer t\u00eb gjirit me forma t\u00eb avancuara. \u00cbsht\u00eb risi q\u00eb viteve t\u00eb fundit kemi rritje me kancer t\u00eb lukthit, kancer t\u00eb pankreasit dhe te djemt\u00eb e rinj edhe me kancer t\u00eb testikujve q\u00eb \u00ebsht\u00eb nj\u00eb gjendje jo normale p\u00ebrgjat\u00eb k\u00ebtyre dy tri viteve t\u00eb fundit\u201d<\/em>, tha k\u00ebshtu Dr. Kurtishi dhe n\u00eb fund dha edhe nj\u00eb mesazh p\u00ebr t\u00eb gjith\u00eb d\u00ebgjuesit e Radio KFOR-it:<\/p>\n<p><em>\u201cQytetar\u00ebt duhet q\u00eb sa m\u00eb her\u00ebt t\u00eb lajm\u00ebrohen te mjeku, pasi q\u00eb nj\u00eb e treta e rasteve me k\u00ebto s\u00ebmundje mund t\u00eb prevenohen dhe t\u00eb mjekohen, n\u00ebse zbulohen shum\u00eb her\u00ebt . Q\u00ebllimi i gjith\u00eb k\u00ebsaj \u00ebsht\u00eb q\u00eb t\u00eb lajm\u00ebrohen te mjeku m\u00eb her\u00ebt\u00a0 dhe t\u00eb diagnostifikohen m\u00eb her\u00ebt.\u201d<\/em><\/p>\n<p>Sot m\u00eb shum\u00eb se kurr\u00eb n\u00eb qend\u00ebr t\u00eb v\u00ebmendjes mbetet th\u00ebnia: \u201cM\u00eb e mir\u00eb \u00ebsht\u00eb preventive, se sa sh\u00ebrimi.\u201d<\/p>\n","protected":false},"excerpt":{"rendered":"<p>Sot (4 shkurt) sh\u00ebnohet \u201cDita Bot\u00ebrore e Kancerit\u201d, synimi i s\u00eb cil\u00ebs \u00ebsht\u00eb t\u00eb zvog\u00ebloj\u00eb numrin e vdekjeve q\u00eb ndodhin \u00e7do vit, duke e rritur nd\u00ebrgjegj\u00ebsimin p\u00ebr s\u00ebmundjen e kancerit. P\u00ebr t\u2019iu bashkuar bot\u00ebs n\u00eb luft\u00ebn kund\u00ebr epidemis\u00eb globale t\u00eb kancerit, Klinika e Onkologjis\u00eb s\u00eb bashku me Shoqat\u00ebn e Onkolog\u00ebve, sot nga ora 12:00, organizojn\u00eb&hellip;<\/p>\n","protected":false},"author":3,"featured_media":51224,"comment_status":"closed","ping_status":"closed","sticky":false,"template":"","format":"standard","meta":{"_monsterinsights_skip_tracking":false,"_monsterinsights_sitenote_active":false,"_monsterinsights_sitenote_note":"","_monsterinsights_sitenote_category":0,"footnotes":""},"categories":[2],"tags":[],"class_list":["post-51223","post","type-post","status-publish","format-standard","has-post-thumbnail","hentry","category-news","category-2","description-off"],"_links":{"self":[{"href":"https:\/\/radiokfor.com\/1\/wp-json\/wp\/v2\/posts\/51223","targetHints":{"allow":["GET"]}}],"collection":[{"href":"https:\/\/radiokfor.com\/1\/wp-json\/wp\/v2\/posts"}],"about":[{"href":"https:\/\/radiokfor.com\/1\/wp-json\/wp\/v2\/types\/post"}],"author":[{"embeddable":true,"href":"https:\/\/radiokfor.com\/1\/wp-json\/wp\/v2\/users\/3"}],"replies":[{"embeddable":true,"href":"https:\/\/radiokfor.com\/1\/wp-json\/wp\/v2\/comments?post=51223"}],"version-history":[{"count":1,"href":"https:\/\/radiokfor.com\/1\/wp-json\/wp\/v2\/posts\/51223\/revisions"}],"predecessor-version":[{"id":51225,"href":"https:\/\/radiokfor.com\/1\/wp-json\/wp\/v2\/posts\/51223\/revisions\/51225"}],"wp:featuredmedia":[{"embeddable":true,"href":"https:\/\/radiokfor.com\/1\/wp-json\/wp\/v2\/media\/51224"}],"wp:attachment":[{"href":"https:\/\/radiokfor.com\/1\/wp-json\/wp\/v2\/media?parent=51223"}],"wp:term":[{"taxonomy":"category","embeddable":true,"href":"https:\/\/radiokfor.com\/1\/wp-json\/wp\/v2\/categories?post=51223"},{"taxonomy":"post_tag","embeddable":true,"href":"https:\/\/radiokfor.com\/1\/wp-json\/wp\/v2\/tags?post=51223"}],"curies":[{"name":"wp","href":"https:\/\/api.w.org\/{rel}","templated":true}]}}