{"id":51213,"date":"2020-02-03T14:07:07","date_gmt":"2020-02-03T14:07:07","guid":{"rendered":"http:\/\/radiokfor.com\/1\/?p=51213"},"modified":"2020-02-03T14:07:07","modified_gmt":"2020-02-03T14:07:07","slug":"fitore-berisha-sjell-projektin-cohe","status":"publish","type":"post","link":"https:\/\/radiokfor.com\/1\/fitore-berisha-sjell-projektin-cohe\/","title":{"rendered":"Fitore Berisha sjell projektin \u201cCOH\u00cb\u201d"},"content":{"rendered":"<p>Sonte (03 shkurt), me fillim nga ora 19:00, n\u00eb ambientin e Muzeut Komb\u00ebtar t\u00eb Kosov\u00ebs, do t\u00eb b\u00ebhet prezantimi i projektit \u201cCOH\u00cb\u201d nga Fitore Berisha (Al\u00edsd\u00f3ttir). Ky projekt vjen n\u00eb kuad\u00ebr t\u00eb platform\u00ebs \u2018Heritage Space\u2019, ku projekt-menaxherja, Blerta Ismaili, ka shpalosur detaje p\u00ebr Radio KFOR-in: <em>\u201cKy prezantim vjen si rezultat i nj\u00eb k\u00ebrkimi dhe praktike t\u00eb re t\u00eb artistes, Fitore Berisha. Projekti \u00ebsht\u00eb realizuar n\u00eb kuad\u00ebr t\u00eb platform\u00ebs \u2018Heritage Space\u2019 q\u00eb sivjet implementohet nga CHwb Kosova n\u00eb parteritet me UNDP. Ndryshe \u2018Heritage Space\u2019, ka p\u00ebr q\u00ebllim me hulumtu forma alternative, kreative dhe inovative t\u00eb ruajtjes s\u00eb trash\u00ebgimis\u00eb kulturore p\u00ebrmes ofrimit t\u00eb njer\u00ebzve kreativ\u00eb p\u00ebr trash\u00ebgimin\u00eb kulturore dhe p\u00ebr t\u2019ju ofruar atyre mund\u00ebsi q\u00eb ta shohin trash\u00ebgimin\u00eb kulturore si burim inspirimi p\u00ebr krijimet e tyre. Edhe sonte n\u00eb Muzeun Komb\u00ebtar t\u00eb Kosov\u00ebs, kan\u00eb me qen\u00eb krijime t\u00eb reja t\u00eb artistes, Fitore Berisha, e cila ka g\u00ebrshetuar p\u00ebrpunmin e leshit me shprehjen e vet artistike \u2018COH\u00cb.\u201d<\/em><\/p>\n<p>P\u00ebr dy muaj me radh\u00eb artistja, Fitore Berisha, ka q\u00ebnduar af\u00ebr mjeshtrit qeleshepunues t\u00eb njohur n\u00eb Pej\u00eb, Afrim Lata, p\u00ebr t\u2019u njoftuar me procesin e p\u00ebrpunimit t\u00eb leshit deri tek form\u00ebsimi i qeleshes. Prezantimi ne Muzeun Komb\u00ebtra t\u00eb Kosov\u00ebs do t\u00eb jet\u00eb i hapur nga sot, deri m\u00eb 15 shkurt.<\/p>\n","protected":false},"excerpt":{"rendered":"<p>Sonte (03 shkurt), me fillim nga ora 19:00, n\u00eb ambientin e Muzeut Komb\u00ebtar t\u00eb Kosov\u00ebs, do t\u00eb b\u00ebhet prezantimi i projektit \u201cCOH\u00cb\u201d nga Fitore Berisha (Al\u00edsd\u00f3ttir). Ky projekt vjen n\u00eb kuad\u00ebr t\u00eb platform\u00ebs \u2018Heritage Space\u2019, ku projekt-menaxherja, Blerta Ismaili, ka shpalosur detaje p\u00ebr Radio KFOR-in: \u201cKy prezantim vjen si rezultat i nj\u00eb k\u00ebrkimi dhe praktike&hellip;<\/p>\n","protected":false},"author":3,"featured_media":51214,"comment_status":"closed","ping_status":"closed","sticky":false,"template":"","format":"standard","meta":{"_monsterinsights_skip_tracking":false,"_monsterinsights_sitenote_active":false,"_monsterinsights_sitenote_note":"","_monsterinsights_sitenote_category":0,"footnotes":""},"categories":[2],"tags":[],"class_list":["post-51213","post","type-post","status-publish","format-standard","has-post-thumbnail","hentry","category-news","category-2","description-off"],"_links":{"self":[{"href":"https:\/\/radiokfor.com\/1\/wp-json\/wp\/v2\/posts\/51213","targetHints":{"allow":["GET"]}}],"collection":[{"href":"https:\/\/radiokfor.com\/1\/wp-json\/wp\/v2\/posts"}],"about":[{"href":"https:\/\/radiokfor.com\/1\/wp-json\/wp\/v2\/types\/post"}],"author":[{"embeddable":true,"href":"https:\/\/radiokfor.com\/1\/wp-json\/wp\/v2\/users\/3"}],"replies":[{"embeddable":true,"href":"https:\/\/radiokfor.com\/1\/wp-json\/wp\/v2\/comments?post=51213"}],"version-history":[{"count":1,"href":"https:\/\/radiokfor.com\/1\/wp-json\/wp\/v2\/posts\/51213\/revisions"}],"predecessor-version":[{"id":51215,"href":"https:\/\/radiokfor.com\/1\/wp-json\/wp\/v2\/posts\/51213\/revisions\/51215"}],"wp:featuredmedia":[{"embeddable":true,"href":"https:\/\/radiokfor.com\/1\/wp-json\/wp\/v2\/media\/51214"}],"wp:attachment":[{"href":"https:\/\/radiokfor.com\/1\/wp-json\/wp\/v2\/media?parent=51213"}],"wp:term":[{"taxonomy":"category","embeddable":true,"href":"https:\/\/radiokfor.com\/1\/wp-json\/wp\/v2\/categories?post=51213"},{"taxonomy":"post_tag","embeddable":true,"href":"https:\/\/radiokfor.com\/1\/wp-json\/wp\/v2\/tags?post=51213"}],"curies":[{"name":"wp","href":"https:\/\/api.w.org\/{rel}","templated":true}]}}