{"id":51175,"date":"2020-01-30T10:29:58","date_gmt":"2020-01-30T10:29:58","guid":{"rendered":"http:\/\/radiokfor.com\/1\/?p=51175"},"modified":"2020-01-30T10:29:58","modified_gmt":"2020-01-30T10:29:58","slug":"filharmonia-e-kosoves-shenon-20-vjetorin-me-violinistin-dhe-dirigjentin-maxim-vengerov","status":"publish","type":"post","link":"https:\/\/radiokfor.com\/1\/filharmonia-e-kosoves-shenon-20-vjetorin-me-violinistin-dhe-dirigjentin-maxim-vengerov\/","title":{"rendered":"Filharmonia e Kosov\u00ebs sh\u00ebnon 20 vjetorin me violinistin dhe dirigjentin, Maxim Vengerov"},"content":{"rendered":"<p>K\u00ebt\u00eb t\u00eb shtun\u00eb, m\u00eb 2 shkurt duke filluar nga ora 20:00 n\u00eb Sall\u00ebn e Kuqe t\u00eb Pallatit t\u00eb Rinis\u00eb dhe Sportit n\u00eb Prishtin\u00eb, \u2018Filharmonia e Kosov\u00ebs\u2019 do t\u00eb mbaj\u00eb koncertin e par\u00eb n\u00eb serin\u00eb e koncerteve n\u00eb sh\u00ebnim t\u00eb 20-vjetorit t\u00eb themelimit t\u00eb saj.<\/p>\n<p>Drejtori i \u2018Filharmonis\u00eb s\u00eb Kosov\u00eb\u2019, Baki Jashari, n\u00eb nj\u00eb prononcim p\u00ebr Radio KFOR-in ka th\u00ebn\u00eb se ky koncert \u00ebsht\u00eb i ve\u00e7ant\u00eb p\u00ebr shum\u00eb arsye: <em>\u201cFillimisht kemi mysafir nj\u00eb prej personaliteteve m\u00eb t\u00eb shquara aktulisht n\u00eb bot\u00ebn e muzik\u00ebs klasike. B\u00ebhet fjal\u00eb p\u00ebr violinistin dhe dirigjentin, Maxim Vengerov, i cili ka pranuan ftes\u00ebn e \u2018Filharmonis\u00eb s\u00eb Kosov\u00ebs\u2019, pik\u00ebrisht n\u00eb saje t\u00eb jubileut ton\u00eb me nj\u00eb ekip solist\u00ebsh t\u00eb mrekulluesh\u00ebm t\u00eb cil\u00ebt do t\u00eb performojn\u00eb veprat e kompozitorit gjenial, Ludwig van Beethoven, m\u00eb konktretisht \u201cSimfonin\u00eb e 7-t\u00eb\u201d t\u00eb tij dhe \u201cKoncertin p\u00ebr violin\u00eb, violon\u00e7el dhe piano\u201d, apo triple-concert si\u00e7 edhe quhet. Ky nj\u00ebherit \u00ebshte edhe nj\u00eb program i ve\u00e7ant\u00eb n\u00eb rastine sh\u00ebnimit t\u00eb 250 vjetorit t\u00eb lindjes s\u00eb kompozitorit Beethoven. \u201d<\/em><\/p>\n<p>Jashari ka treguar gjithashtu se interesimi p\u00ebr k\u00ebt\u00eb koncert ka tejkaluar \u00e7do pritshm\u00ebri: <em>\u201cKy koncert ka zgjuar interesim t\u00eb jasht\u00ebzakonsh\u00ebm tek publiku dhe ne me k\u00ebt\u00eb rast k\u00ebrkojm\u00eb falje publike p\u00ebr t\u00eb gjith\u00eb ata dashamir\u00eb t\u00eb muzik\u00ebs klasike q\u00eb nuk kan\u00eb mundur t\u00eb pajisen me bileta pasi q\u00eb dje, kur ne e kemi hapur shp\u00ebrndarjen e biletave, p\u00ebr 3 deri n\u00eb 4 or\u00eb jan\u00eb shitur mbi 300 bileta, q\u00eb ka qen\u00eb p\u00ebr ne shum\u00eb e papritshme.\u201d<br \/>\n<\/em>N\u00eb program do interpretojn\u00eb solist\u00ebt e dalluar: \u00d6zcan Ulucan n\u00eb violin\u00eb, L\u00e1szl\u00f3 Feny\u0151 n\u00eb violon\u00e7el dhe Birsen Ulucan n\u00eb piano.<\/p>\n","protected":false},"excerpt":{"rendered":"<p>K\u00ebt\u00eb t\u00eb shtun\u00eb, m\u00eb 2 shkurt duke filluar nga ora 20:00 n\u00eb Sall\u00ebn e Kuqe t\u00eb Pallatit t\u00eb Rinis\u00eb dhe Sportit n\u00eb Prishtin\u00eb, \u2018Filharmonia e Kosov\u00ebs\u2019 do t\u00eb mbaj\u00eb koncertin e par\u00eb n\u00eb serin\u00eb e koncerteve n\u00eb sh\u00ebnim t\u00eb 20-vjetorit t\u00eb themelimit t\u00eb saj. Drejtori i \u2018Filharmonis\u00eb s\u00eb Kosov\u00eb\u2019, Baki Jashari, n\u00eb nj\u00eb prononcim p\u00ebr&hellip;<\/p>\n","protected":false},"author":3,"featured_media":51176,"comment_status":"closed","ping_status":"closed","sticky":false,"template":"","format":"standard","meta":{"_monsterinsights_skip_tracking":false,"_monsterinsights_sitenote_active":false,"_monsterinsights_sitenote_note":"","_monsterinsights_sitenote_category":0,"footnotes":""},"categories":[2],"tags":[],"class_list":["post-51175","post","type-post","status-publish","format-standard","has-post-thumbnail","hentry","category-news","category-2","description-off"],"_links":{"self":[{"href":"https:\/\/radiokfor.com\/1\/wp-json\/wp\/v2\/posts\/51175","targetHints":{"allow":["GET"]}}],"collection":[{"href":"https:\/\/radiokfor.com\/1\/wp-json\/wp\/v2\/posts"}],"about":[{"href":"https:\/\/radiokfor.com\/1\/wp-json\/wp\/v2\/types\/post"}],"author":[{"embeddable":true,"href":"https:\/\/radiokfor.com\/1\/wp-json\/wp\/v2\/users\/3"}],"replies":[{"embeddable":true,"href":"https:\/\/radiokfor.com\/1\/wp-json\/wp\/v2\/comments?post=51175"}],"version-history":[{"count":1,"href":"https:\/\/radiokfor.com\/1\/wp-json\/wp\/v2\/posts\/51175\/revisions"}],"predecessor-version":[{"id":51177,"href":"https:\/\/radiokfor.com\/1\/wp-json\/wp\/v2\/posts\/51175\/revisions\/51177"}],"wp:featuredmedia":[{"embeddable":true,"href":"https:\/\/radiokfor.com\/1\/wp-json\/wp\/v2\/media\/51176"}],"wp:attachment":[{"href":"https:\/\/radiokfor.com\/1\/wp-json\/wp\/v2\/media?parent=51175"}],"wp:term":[{"taxonomy":"category","embeddable":true,"href":"https:\/\/radiokfor.com\/1\/wp-json\/wp\/v2\/categories?post=51175"},{"taxonomy":"post_tag","embeddable":true,"href":"https:\/\/radiokfor.com\/1\/wp-json\/wp\/v2\/tags?post=51175"}],"curies":[{"name":"wp","href":"https:\/\/api.w.org\/{rel}","templated":true}]}}