{"id":51146,"date":"2020-01-28T10:24:51","date_gmt":"2020-01-28T10:24:51","guid":{"rendered":"http:\/\/radiokfor.com\/1\/?p=51146"},"modified":"2020-01-28T10:24:51","modified_gmt":"2020-01-28T10:24:51","slug":"sot-shenohet-dita-nderkombetare-e-privatesise","status":"publish","type":"post","link":"https:\/\/radiokfor.com\/1\/sot-shenohet-dita-nderkombetare-e-privatesise\/","title":{"rendered":"Sot sh\u00ebnohet Dita Nd\u00ebrkomb\u00ebtare e Privat\u00ebsis\u00eb"},"content":{"rendered":"<p>Globalisht sot (28.01.20) sh\u00ebnohet \u2018Dita nd\u00ebrkomb\u00ebtare e Privat\u00ebsis\u00eb\u2019, nj\u00eb dat\u00eb p\u00ebr t\u00eb ngritur vet\u00ebdije p\u00ebr r\u00ebnd\u00ebsin\u00eb e privat\u00ebsis\u00eb dhe mbrojtjen e informacioneve personale. \u00c7do 28 Janar, komuniteti bot\u00ebror fokusohet n\u00eb organizimin e aktiviteteve dhe fushatave, p\u00ebr t\u00eb diskutuar rreth r\u00ebnd\u00ebsis\u00eb s\u00eb mbrojtjes s\u00eb t\u00eb dh\u00ebnave personale n\u00eb internet, ve\u00e7an\u00ebrisht n\u00eb rrjetet sociale. \u2018K\u00ebshilli i Evrop\u00ebs\u2019 ka krijuar nj\u00eb udh\u00ebzues p\u00ebr p\u00ebrdoruesit e internetit p\u00ebr t&#8217;i ndihmuar ata t\u00eb kuptojn\u00eb m\u00eb mir\u00eb t\u00eb drejtat e tyre n\u00eb internet dhe \u00e7far\u00eb mund t\u00eb b\u00ebjn\u00eb kur k\u00ebto t\u00eb drejta cenohen dhe keqp\u00ebrdoren.<\/p>\n<p>Mbrotja e t\u00eb dh\u00ebnave personale konsiderohet nj\u00eb e drejt\u00eb themelore e njeriut prandaj edhe \u00ebsht\u00eb e garantuar me \u2018Konvent\u00ebn Evropiane p\u00ebr t\u00eb Drejtat t\u00eb Njeriut\u2019.<\/p>\n","protected":false},"excerpt":{"rendered":"<p>Globalisht sot (28.01.20) sh\u00ebnohet \u2018Dita nd\u00ebrkomb\u00ebtare e Privat\u00ebsis\u00eb\u2019, nj\u00eb dat\u00eb p\u00ebr t\u00eb ngritur vet\u00ebdije p\u00ebr r\u00ebnd\u00ebsin\u00eb e privat\u00ebsis\u00eb dhe mbrojtjen e informacioneve personale. \u00c7do 28 Janar, komuniteti bot\u00ebror fokusohet n\u00eb organizimin e aktiviteteve dhe fushatave, p\u00ebr t\u00eb diskutuar rreth r\u00ebnd\u00ebsis\u00eb s\u00eb mbrojtjes s\u00eb t\u00eb dh\u00ebnave personale n\u00eb internet, ve\u00e7an\u00ebrisht n\u00eb rrjetet sociale. \u2018K\u00ebshilli i Evrop\u00ebs\u2019&hellip;<\/p>\n","protected":false},"author":3,"featured_media":51147,"comment_status":"closed","ping_status":"closed","sticky":false,"template":"","format":"standard","meta":{"_monsterinsights_skip_tracking":false,"_monsterinsights_sitenote_active":false,"_monsterinsights_sitenote_note":"","_monsterinsights_sitenote_category":0,"footnotes":""},"categories":[2],"tags":[],"class_list":["post-51146","post","type-post","status-publish","format-standard","has-post-thumbnail","hentry","category-news","category-2","description-off"],"_links":{"self":[{"href":"https:\/\/radiokfor.com\/1\/wp-json\/wp\/v2\/posts\/51146","targetHints":{"allow":["GET"]}}],"collection":[{"href":"https:\/\/radiokfor.com\/1\/wp-json\/wp\/v2\/posts"}],"about":[{"href":"https:\/\/radiokfor.com\/1\/wp-json\/wp\/v2\/types\/post"}],"author":[{"embeddable":true,"href":"https:\/\/radiokfor.com\/1\/wp-json\/wp\/v2\/users\/3"}],"replies":[{"embeddable":true,"href":"https:\/\/radiokfor.com\/1\/wp-json\/wp\/v2\/comments?post=51146"}],"version-history":[{"count":1,"href":"https:\/\/radiokfor.com\/1\/wp-json\/wp\/v2\/posts\/51146\/revisions"}],"predecessor-version":[{"id":51148,"href":"https:\/\/radiokfor.com\/1\/wp-json\/wp\/v2\/posts\/51146\/revisions\/51148"}],"wp:featuredmedia":[{"embeddable":true,"href":"https:\/\/radiokfor.com\/1\/wp-json\/wp\/v2\/media\/51147"}],"wp:attachment":[{"href":"https:\/\/radiokfor.com\/1\/wp-json\/wp\/v2\/media?parent=51146"}],"wp:term":[{"taxonomy":"category","embeddable":true,"href":"https:\/\/radiokfor.com\/1\/wp-json\/wp\/v2\/categories?post=51146"},{"taxonomy":"post_tag","embeddable":true,"href":"https:\/\/radiokfor.com\/1\/wp-json\/wp\/v2\/tags?post=51146"}],"curies":[{"name":"wp","href":"https:\/\/api.w.org\/{rel}","templated":true}]}}