{"id":51075,"date":"2020-01-23T14:31:25","date_gmt":"2020-01-23T14:31:25","guid":{"rendered":"http:\/\/radiokfor.com\/1\/?p=51075"},"modified":"2020-01-23T14:31:25","modified_gmt":"2020-01-23T14:31:25","slug":"per-here-te-pare-ne-kosove-mbahet-panairi-i-yoges","status":"publish","type":"post","link":"https:\/\/radiokfor.com\/1\/per-here-te-pare-ne-kosove-mbahet-panairi-i-yoges\/","title":{"rendered":"P\u00ebr her\u00eb t\u00eb par\u00eb n\u00eb Kosov\u00eb mbahet panairi i Yog\u00ebs"},"content":{"rendered":"<p>Yoga \u00ebsht\u00eb disiplin\u00eb q\u00eb p\u00ebrfshin benifite t\u00eb shumta sh\u00ebndet\u00ebsore, ku p\u00ebrfshihet ekuilibri i mendjes dhe trupit. P\u00ebr her\u00eb t\u00eb par\u00eb n\u00eb Kosov\u00eb do t\u00eb organizohet panairi i jog\u00ebs \u2018Shanti Yoga Fair\u2019, me 25 janar n\u00eb hap\u00ebsirat e fondacionit \u2018Shtat\u00ebmb\u00ebdhjet\u00eb\u2019, n\u00eb Prishtin\u00eb duke filluar nga ora 11:00.<\/p>\n<p>N\u00eb nj\u00eb intervist\u00eb p\u00ebr Radio KFOR-in drejtoresha ekzekutive e panairit, Dafina Mustafa, tregoi p\u00ebr t\u00eb ve\u00e7antat e k\u00ebtij organizimi: \u201c<em>Panairi \u00ebsht\u00eb organizuar nga \u2018OJQ YOGA for ALL\u2019, si vazhdimsi e Festivalit t\u00eb Yog\u00ebs,\u201cShanti Yoga Fest\u201d.\u00a0 E ve\u00e7anta e k\u00ebtij panairi \u00ebsht\u00eb njoftimi me instruktor\u00eb dhe m\u00ebsues t\u00eb jog\u00ebs, t\u00eb cil\u00ebt praktikojn\u00eb stile t\u00eb ndryshme t\u00eb jog\u00ebs, ku pjes\u00ebmarr\u00ebsit do ta ken\u00eb mund\u00ebsin\u00eb t\u00eb marrin informata dhe oferta t\u00eb ndryshme rreth klasave dhe programeve t\u00eb jog\u00ebs q\u00eb ofrohen af\u00ebr vendbanimeve t\u00eb tyre. Pjes\u00ebmarr\u00ebsit do t\u00eb pajisen me broshura ku gjinden t\u00eb dh\u00ebnat dhe kontaktet e t\u00eb gjitha studiove t\u00eb jog\u00ebs si dhe m\u00ebsues\u00ebve t\u00eb pavarur (freelance) q\u00eb operojn\u00eb n\u00eb Prishtin\u00eb dhe qytete tjera t\u00eb Kosov\u00ebs<\/em>.\u201d<\/p>\n<p>Panairi Shanti Yoga Fair 2020 \u00ebsht\u00eb i hapur p\u00ebr t\u00eb gjith\u00eb, duke p\u00ebrfshir\u00eb prind\u00ebrit me f\u00ebmij\u00eb dhe p\u00ebrkrahet edhe nga \u2018Komuna e Prishtin\u00ebs\u2019.<\/p>\n","protected":false},"excerpt":{"rendered":"<p>Yoga \u00ebsht\u00eb disiplin\u00eb q\u00eb p\u00ebrfshin benifite t\u00eb shumta sh\u00ebndet\u00ebsore, ku p\u00ebrfshihet ekuilibri i mendjes dhe trupit. P\u00ebr her\u00eb t\u00eb par\u00eb n\u00eb Kosov\u00eb do t\u00eb organizohet panairi i jog\u00ebs \u2018Shanti Yoga Fair\u2019, me 25 janar n\u00eb hap\u00ebsirat e fondacionit \u2018Shtat\u00ebmb\u00ebdhjet\u00eb\u2019, n\u00eb Prishtin\u00eb duke filluar nga ora 11:00. N\u00eb nj\u00eb intervist\u00eb p\u00ebr Radio KFOR-in drejtoresha ekzekutive e&hellip;<\/p>\n","protected":false},"author":3,"featured_media":51076,"comment_status":"closed","ping_status":"closed","sticky":false,"template":"","format":"standard","meta":{"_monsterinsights_skip_tracking":false,"_monsterinsights_sitenote_active":false,"_monsterinsights_sitenote_note":"","_monsterinsights_sitenote_category":0,"footnotes":""},"categories":[2],"tags":[],"class_list":["post-51075","post","type-post","status-publish","format-standard","has-post-thumbnail","hentry","category-news","category-2","description-off"],"_links":{"self":[{"href":"https:\/\/radiokfor.com\/1\/wp-json\/wp\/v2\/posts\/51075","targetHints":{"allow":["GET"]}}],"collection":[{"href":"https:\/\/radiokfor.com\/1\/wp-json\/wp\/v2\/posts"}],"about":[{"href":"https:\/\/radiokfor.com\/1\/wp-json\/wp\/v2\/types\/post"}],"author":[{"embeddable":true,"href":"https:\/\/radiokfor.com\/1\/wp-json\/wp\/v2\/users\/3"}],"replies":[{"embeddable":true,"href":"https:\/\/radiokfor.com\/1\/wp-json\/wp\/v2\/comments?post=51075"}],"version-history":[{"count":1,"href":"https:\/\/radiokfor.com\/1\/wp-json\/wp\/v2\/posts\/51075\/revisions"}],"predecessor-version":[{"id":51077,"href":"https:\/\/radiokfor.com\/1\/wp-json\/wp\/v2\/posts\/51075\/revisions\/51077"}],"wp:featuredmedia":[{"embeddable":true,"href":"https:\/\/radiokfor.com\/1\/wp-json\/wp\/v2\/media\/51076"}],"wp:attachment":[{"href":"https:\/\/radiokfor.com\/1\/wp-json\/wp\/v2\/media?parent=51075"}],"wp:term":[{"taxonomy":"category","embeddable":true,"href":"https:\/\/radiokfor.com\/1\/wp-json\/wp\/v2\/categories?post=51075"},{"taxonomy":"post_tag","embeddable":true,"href":"https:\/\/radiokfor.com\/1\/wp-json\/wp\/v2\/tags?post=51075"}],"curies":[{"name":"wp","href":"https:\/\/api.w.org\/{rel}","templated":true}]}}