{"id":51071,"date":"2020-01-23T11:06:24","date_gmt":"2020-01-23T11:06:24","guid":{"rendered":"http:\/\/radiokfor.com\/1\/?p=51071"},"modified":"2020-01-24T10:57:37","modified_gmt":"2020-01-24T10:57:37","slug":"trajnim-falas-per-orientimin-e-te-rinjve-ne-karriere","status":"publish","type":"post","link":"https:\/\/radiokfor.com\/1\/trajnim-falas-per-orientimin-e-te-rinjve-ne-karriere\/","title":{"rendered":"Trajnim falas p\u00ebr orientimin e t\u00eb rinjve n\u00eb karrier\u00eb"},"content":{"rendered":"<p>Akademia Profesionale \u201cINFINIT\u2019 n\u00eb bashk\u00ebpunim me Ministrin\u00eb e Kultur\u00ebs, Rinis\u00eb dhe Sportit po vazhdon me organizimin e trajnimeve p\u00ebr t\u00eb rinj t\u00eb grupmoshave 18-24 vje\u00e7, p\u00ebr p\u00ebrgatitjen profesionale t\u00eb tyre p\u00ebr orientim n\u00eb karrier\u00eb. Trajnimi i radh\u00ebs do t\u00eb mbahet k\u00ebt\u00eb t\u00eb shtun\u00eb (25.01.20), nd\u00ebrsa trajnimet do t\u00eb vazhdojn\u00eb deri m\u00eb 8 shkurt 2020 dhe t\u00eb gjitha ligj\u00ebratat mbahen nga ora 11:00 deri n\u00eb or\u00ebn 15:00. Radio KFOR-i ka kontaktuar Bashkim Islamin, drejtues i Qendr\u00ebs s\u00eb Trajnimeve n\u00eb Akademin\u00eb \u201cINFINIT\u201d, i cili ka treguar p\u00ebr q\u00ebllimin e organizimit t\u00eb k\u00ebtyre trajnimeve: <em>\u201cN\u00eb k\u00ebto trajnime i kemi angazhuar 30 t\u00eb rinj nga Komuna e Prishtin\u00ebs dhe 30 t\u00eb rinj nga Komuna e Obiliqit, me num\u00ebr t\u00eb barabart\u00eb t\u00eb dy gjinive. Objektivi kryesor i k\u00ebsaj thirrje \u00ebsht\u00eb ofrimi dhe promovimi i mund\u00ebsive p\u00ebr ky\u00e7je n\u00eb tregun e pun\u00ebs, p\u00ebrmes trajnimeve p\u00ebr personat e papun\u00ebsuar, me q\u00ebllim t\u00eb pajisjes me njohuri, shkatht\u00ebsi pun\u00ebsimi dhe pun\u00ebsim direkt. Pas p\u00ebrfundimit t\u00eb trajnimeve me pjes\u00ebmarr\u00ebsit do t\u00eb p\u00ebrzgjidhen disa t\u00eb rinj p\u00ebr memorandume me bizneset, mediat dhe shoqatat n\u00eb t\u00eb cilat do propozojm\u00eb angazhimin e tyre p\u00ebr pun\u00eb praktike n\u00eb zbatimin e shkatht\u00ebsive t\u00eb fituara.\u201d<\/em> Projekti p\u00ebr orientimin e t\u00eb rinjve n\u00eb karrier\u00eb po realizohet n\u00eb kuad\u00ebr t\u00eb Planit t\u00eb Veprimit p\u00ebr Pun\u00ebsimin e t\u00eb Rinjve 2018-2020, nd\u00ebrsa pjes\u00ebmarr\u00ebsve do t\u2019iu ndahen certifikata.<\/p>\n","protected":false},"excerpt":{"rendered":"<p>Akademia Profesionale \u201cINFINIT\u2019 n\u00eb bashk\u00ebpunim me Ministrin\u00eb e Kultur\u00ebs, Rinis\u00eb dhe Sportit po vazhdon me organizimin e trajnimeve p\u00ebr t\u00eb rinj t\u00eb grupmoshave 18-24 vje\u00e7, p\u00ebr p\u00ebrgatitjen profesionale t\u00eb tyre p\u00ebr orientim n\u00eb karrier\u00eb. Trajnimi i radh\u00ebs do t\u00eb mbahet k\u00ebt\u00eb t\u00eb shtun\u00eb (25.01.20), nd\u00ebrsa trajnimet do t\u00eb vazhdojn\u00eb deri m\u00eb 8 shkurt 2020 dhe&hellip;<\/p>\n","protected":false},"author":3,"featured_media":51073,"comment_status":"closed","ping_status":"closed","sticky":false,"template":"","format":"standard","meta":{"_monsterinsights_skip_tracking":false,"_monsterinsights_sitenote_active":false,"_monsterinsights_sitenote_note":"","_monsterinsights_sitenote_category":0,"footnotes":""},"categories":[2],"tags":[],"class_list":["post-51071","post","type-post","status-publish","format-standard","has-post-thumbnail","hentry","category-news","category-2","description-off"],"_links":{"self":[{"href":"https:\/\/radiokfor.com\/1\/wp-json\/wp\/v2\/posts\/51071","targetHints":{"allow":["GET"]}}],"collection":[{"href":"https:\/\/radiokfor.com\/1\/wp-json\/wp\/v2\/posts"}],"about":[{"href":"https:\/\/radiokfor.com\/1\/wp-json\/wp\/v2\/types\/post"}],"author":[{"embeddable":true,"href":"https:\/\/radiokfor.com\/1\/wp-json\/wp\/v2\/users\/3"}],"replies":[{"embeddable":true,"href":"https:\/\/radiokfor.com\/1\/wp-json\/wp\/v2\/comments?post=51071"}],"version-history":[{"count":4,"href":"https:\/\/radiokfor.com\/1\/wp-json\/wp\/v2\/posts\/51071\/revisions"}],"predecessor-version":[{"id":51099,"href":"https:\/\/radiokfor.com\/1\/wp-json\/wp\/v2\/posts\/51071\/revisions\/51099"}],"wp:featuredmedia":[{"embeddable":true,"href":"https:\/\/radiokfor.com\/1\/wp-json\/wp\/v2\/media\/51073"}],"wp:attachment":[{"href":"https:\/\/radiokfor.com\/1\/wp-json\/wp\/v2\/media?parent=51071"}],"wp:term":[{"taxonomy":"category","embeddable":true,"href":"https:\/\/radiokfor.com\/1\/wp-json\/wp\/v2\/categories?post=51071"},{"taxonomy":"post_tag","embeddable":true,"href":"https:\/\/radiokfor.com\/1\/wp-json\/wp\/v2\/tags?post=51071"}],"curies":[{"name":"wp","href":"https:\/\/api.w.org\/{rel}","templated":true}]}}