{"id":50780,"date":"2019-12-27T13:44:34","date_gmt":"2019-12-27T13:44:34","guid":{"rendered":"http:\/\/radiokfor.com\/1\/?p=50780"},"modified":"2019-12-27T13:44:34","modified_gmt":"2019-12-27T13:44:34","slug":"sot-fillon-festivali-vjetor-krejt-ka-pak","status":"publish","type":"post","link":"https:\/\/radiokfor.com\/1\/sot-fillon-festivali-vjetor-krejt-ka-pak\/","title":{"rendered":"Sot fillon festivali vjetor \u201cKrejt Ka Pak\u201d"},"content":{"rendered":"<p>Nga sot (27 Dhjetor) e deri m\u00eb 2 Janar 2020, Termokiss do t\u00eb organizoj festivalin vjetor \u201eKrejt Ka Pak\u201c. \u00a0Vitin e kaluar ky festival \u00ebsht\u00eb fokusuar tek arsimimi p\u00ebrmes edukimit jo-formal, ku \u00ebsht\u00eb theksuar r\u00ebnd\u00ebsia e formave dhe burimeve t\u00eb ndryshme t\u00eb m\u00ebsimit e t\u00eb pun\u00ebs. K\u00ebt\u00eb vit ky festivali, i kat\u00ebrti me radh\u00eb, fokusohet tek pritshm\u00ebrit dhe kthimi i tyre n\u00eb realitet, pa pritur shum\u00eb gjat\u00eb. Poashtu do t\u00eb ket\u00eb edhe aktivitete t\u00eb tjera si: pun\u00ebtori p\u00ebr f\u00ebmij\u00eb, piktur\u00eb, pun\u00ebdore artizanale etj.<\/p>\n<p>N\u00eb vegz\u00ebn e m\u00ebposhtme mund ta gjeni programin e plot\u00eb t\u00eb festivalit &#8220;Krejt Ka Pak IV&#8221;, q\u00eb do t\u00eb mbahet nga sot e deri me 02 Janar 2020 (E Enjte): <a href=\"https:\/\/www.facebook.com\/Termokiss\/\">https:\/\/www.facebook.com\/Termokiss\/<\/a><\/p>\n","protected":false},"excerpt":{"rendered":"<p>Nga sot (27 Dhjetor) e deri m\u00eb 2 Janar 2020, Termokiss do t\u00eb organizoj festivalin vjetor \u201eKrejt Ka Pak\u201c. \u00a0Vitin e kaluar ky festival \u00ebsht\u00eb fokusuar tek arsimimi p\u00ebrmes edukimit jo-formal, ku \u00ebsht\u00eb theksuar r\u00ebnd\u00ebsia e formave dhe burimeve t\u00eb ndryshme t\u00eb m\u00ebsimit e t\u00eb pun\u00ebs. K\u00ebt\u00eb vit ky festivali, i kat\u00ebrti me radh\u00eb, fokusohet&hellip;<\/p>\n","protected":false},"author":3,"featured_media":50781,"comment_status":"closed","ping_status":"closed","sticky":false,"template":"","format":"standard","meta":{"_monsterinsights_skip_tracking":false,"_monsterinsights_sitenote_active":false,"_monsterinsights_sitenote_note":"","_monsterinsights_sitenote_category":0,"footnotes":""},"categories":[2],"tags":[],"class_list":["post-50780","post","type-post","status-publish","format-standard","has-post-thumbnail","hentry","category-news","category-2","description-off"],"_links":{"self":[{"href":"https:\/\/radiokfor.com\/1\/wp-json\/wp\/v2\/posts\/50780","targetHints":{"allow":["GET"]}}],"collection":[{"href":"https:\/\/radiokfor.com\/1\/wp-json\/wp\/v2\/posts"}],"about":[{"href":"https:\/\/radiokfor.com\/1\/wp-json\/wp\/v2\/types\/post"}],"author":[{"embeddable":true,"href":"https:\/\/radiokfor.com\/1\/wp-json\/wp\/v2\/users\/3"}],"replies":[{"embeddable":true,"href":"https:\/\/radiokfor.com\/1\/wp-json\/wp\/v2\/comments?post=50780"}],"version-history":[{"count":1,"href":"https:\/\/radiokfor.com\/1\/wp-json\/wp\/v2\/posts\/50780\/revisions"}],"predecessor-version":[{"id":50782,"href":"https:\/\/radiokfor.com\/1\/wp-json\/wp\/v2\/posts\/50780\/revisions\/50782"}],"wp:featuredmedia":[{"embeddable":true,"href":"https:\/\/radiokfor.com\/1\/wp-json\/wp\/v2\/media\/50781"}],"wp:attachment":[{"href":"https:\/\/radiokfor.com\/1\/wp-json\/wp\/v2\/media?parent=50780"}],"wp:term":[{"taxonomy":"category","embeddable":true,"href":"https:\/\/radiokfor.com\/1\/wp-json\/wp\/v2\/categories?post=50780"},{"taxonomy":"post_tag","embeddable":true,"href":"https:\/\/radiokfor.com\/1\/wp-json\/wp\/v2\/tags?post=50780"}],"curies":[{"name":"wp","href":"https:\/\/api.w.org\/{rel}","templated":true}]}}