{"id":50753,"date":"2019-12-25T10:33:41","date_gmt":"2019-12-25T10:33:41","guid":{"rendered":"http:\/\/radiokfor.com\/1\/?p=50753"},"modified":"2019-12-25T13:08:24","modified_gmt":"2019-12-25T13:08:24","slug":"agk-sonte-organizon-ndejen-e-fundvitit-per-gazetare","status":"publish","type":"post","link":"https:\/\/radiokfor.com\/1\/agk-sonte-organizon-ndejen-e-fundvitit-per-gazetare\/","title":{"rendered":"AGK sonte organizon ndej\u00ebn e fundvitit p\u00ebr gazetar\u00eb"},"content":{"rendered":"<p>Asociacioni i Gazetar\u00ebve t\u00eb Kosov\u00ebs \u00a0(AGK) sonte (25.12.19) organizon ngjarjen p\u00ebrmbyll\u00ebse t\u00eb vitit 2019. N\u00eb ftes\u00ebn d\u00ebrguar mediave dhe t\u00eb publikuar n\u00eb faqen e tyre zyrtare, thuhet: <em>\u2018Pas nj\u00eb viti plot sfida, angazhime e v\u00ebshtir\u00ebsi n\u00eb ushtrimin e profesionit t\u00eb gazetaris\u00eb, Asociacioni i Gazetar\u00ebve t\u00eb Kosov\u00ebs \u00ebsht\u00eb kujdesur q\u00eb k\u00ebt\u00eb fundvit, komuniteti i gazetar\u00ebve ta p\u00ebrmbyll\u00eb me nj\u00eb event t\u00eb p\u00ebrbashk\u00ebt relaksues me koleg\u00eb dhe bashk\u00ebpun\u00ebtor\u00eb. AGK ka k\u00ebnaq\u00ebsin\u00eb t\u00eb ju ftoj n\u00eb eventin p\u00ebrmbyll\u00ebs t\u00eb vitit 2019 me d\u00ebshir\u00ebn q\u00eb Viti i Ri t\u00eb sjell m\u00eb shum\u00eb suksese e m\u00eb pak probleme n\u00eb pun\u00ebn ton\u00eb t\u00eb p\u00ebrbashk\u00ebt.\u2019<\/em><br \/>\nKjo ngjarje do t\u00eb mbahet sonte n\u00eb lokalin \u2018Grand Depo\u2019 n\u00eb Prishtin\u00eb, prej or\u00ebs 20:30.<br \/>\nAsociacioni i Gazetar\u00ebve t\u00eb Kosov\u00ebs (AGK) \u00ebsht\u00eb organizat\u00eb joqeveritare e hapur p\u00ebr an\u00ebtar\u00ebsimin e \u00e7do gazetari\/e n\u00eb Kosov\u00eb dhe ka p\u00ebr mision promovimin, inkurajimin, p\u00ebrmir\u00ebsimin e gazetaris\u00eb cil\u00ebsore si dhe pozit\u00ebn e gazetar\u00ebve n\u00eb Kosov\u00eb.<\/p>\n","protected":false},"excerpt":{"rendered":"<p>Asociacioni i Gazetar\u00ebve t\u00eb Kosov\u00ebs \u00a0(AGK) sonte (25.12.19) organizon ngjarjen p\u00ebrmbyll\u00ebse t\u00eb vitit 2019. N\u00eb ftes\u00ebn d\u00ebrguar mediave dhe t\u00eb publikuar n\u00eb faqen e tyre zyrtare, thuhet: \u2018Pas nj\u00eb viti plot sfida, angazhime e v\u00ebshtir\u00ebsi n\u00eb ushtrimin e profesionit t\u00eb gazetaris\u00eb, Asociacioni i Gazetar\u00ebve t\u00eb Kosov\u00ebs \u00ebsht\u00eb kujdesur q\u00eb k\u00ebt\u00eb fundvit, komuniteti i gazetar\u00ebve ta&hellip;<\/p>\n","protected":false},"author":3,"featured_media":50756,"comment_status":"closed","ping_status":"closed","sticky":false,"template":"","format":"standard","meta":{"_monsterinsights_skip_tracking":false,"_monsterinsights_sitenote_active":false,"_monsterinsights_sitenote_note":"","_monsterinsights_sitenote_category":0,"footnotes":""},"categories":[2],"tags":[],"class_list":["post-50753","post","type-post","status-publish","format-standard","has-post-thumbnail","hentry","category-news","category-2","description-off"],"_links":{"self":[{"href":"https:\/\/radiokfor.com\/1\/wp-json\/wp\/v2\/posts\/50753","targetHints":{"allow":["GET"]}}],"collection":[{"href":"https:\/\/radiokfor.com\/1\/wp-json\/wp\/v2\/posts"}],"about":[{"href":"https:\/\/radiokfor.com\/1\/wp-json\/wp\/v2\/types\/post"}],"author":[{"embeddable":true,"href":"https:\/\/radiokfor.com\/1\/wp-json\/wp\/v2\/users\/3"}],"replies":[{"embeddable":true,"href":"https:\/\/radiokfor.com\/1\/wp-json\/wp\/v2\/comments?post=50753"}],"version-history":[{"count":1,"href":"https:\/\/radiokfor.com\/1\/wp-json\/wp\/v2\/posts\/50753\/revisions"}],"predecessor-version":[{"id":50755,"href":"https:\/\/radiokfor.com\/1\/wp-json\/wp\/v2\/posts\/50753\/revisions\/50755"}],"wp:featuredmedia":[{"embeddable":true,"href":"https:\/\/radiokfor.com\/1\/wp-json\/wp\/v2\/media\/50756"}],"wp:attachment":[{"href":"https:\/\/radiokfor.com\/1\/wp-json\/wp\/v2\/media?parent=50753"}],"wp:term":[{"taxonomy":"category","embeddable":true,"href":"https:\/\/radiokfor.com\/1\/wp-json\/wp\/v2\/categories?post=50753"},{"taxonomy":"post_tag","embeddable":true,"href":"https:\/\/radiokfor.com\/1\/wp-json\/wp\/v2\/tags?post=50753"}],"curies":[{"name":"wp","href":"https:\/\/api.w.org\/{rel}","templated":true}]}}