{"id":50675,"date":"2019-12-13T10:39:17","date_gmt":"2019-12-13T10:39:17","guid":{"rendered":"http:\/\/radiokfor.com\/1\/?p=50675"},"modified":"2019-12-13T10:39:17","modified_gmt":"2019-12-13T10:39:17","slug":"gjithcka-gati-per-fillimin-e-maratones-vrapo-babadimer-kete-te-diele","status":"publish","type":"post","link":"https:\/\/radiokfor.com\/1\/gjithcka-gati-per-fillimin-e-maratones-vrapo-babadimer-kete-te-diele\/","title":{"rendered":"Gjith\u00e7ka gati p\u00ebr fillimin e maraton\u00ebs \u2018Vrapo Babadim\u00ebr\u2019, k\u00ebt\u00eb t\u00eb diele"},"content":{"rendered":"<p>Ka filluar edhe k\u00ebt\u00eb vit edicioni i 4-t\u00eb i aksionit humanitar \u2018Vrapo Babadim\u00ebr\u2019, p\u00ebr t\u00eb ndihmuar familjet n\u00eb nevoj p\u00ebr festat e fundvitit. Themeluesi i organizat\u00ebs jo-qeveritare \u2018Projekti 5 Cent\u2019 Jusuf Islami, i ftuar n\u00eb emisionin \u2018Brunch Time\u2019 n\u00eb Radio KFOR, me moderatorin Fisni Zymi, tregoi s\u00eb k\u00ebt\u00eb vit \u00ebsht\u00eb edicioni i kat\u00ebrt i mini-maraton\u00ebs humanitare \u2018Vrapo Babadim\u00ebr\u2019 dhe foli m\u00eb gjer\u00ebsisht p\u00ebr k\u00ebt\u00eb organizim:<\/p>\n<p><em>\u201cKjo inciativ\u00eb \u00ebsht\u00eb realizuar n\u00eb 60-70 vende t\u00eb bot\u00ebs, n\u00eb fillim kemi nis me vet\u00ebm 150 pjesmarr\u00ebs, me ato t\u00eb ardhura dhe me ndihm\u00ebn e disa bizneseve kemi ndihmuar 60 familje pastaj n<\/em><em>\u00eb edicionin e dyt\u00eb numri i pjesmarr\u00ebsve \u00ebsht\u00eb shumfishuar dhe na \u00ebsht\u00eb mund\u00ebsuar ti ndihmojm\u00eb 350 familje, vitin e kaluar kemi ndihmuar 500 familje kurse n\u00eb k\u00ebt\u00eb vit, n\u00eb edicionin e kat\u00ebrt t\u00eb \u201cVrapo Babadim\u00ebr\u201d synojm\u00eb ti ndihmojm\u00eb 700 familje\u201d.<\/em><\/p>\n<p>Ai gjithashtu dha informacione shtes\u00eb n\u00eb lidhje me organizatat pjesmarr\u00ebse n\u00eb k\u00ebt\u00eb aktivitet dhe m\u00ebnyr\u00ebn sesi mund t\u00eb b\u00ebheni pjes\u00eb e \u201cVrapo Babadim\u00ebr\u201d:<\/p>\n<p><em>\u201c\u00cbsht\u00eb mir\u00eb t\u00eb ceket q\u00eb k\u00ebt\u00eb vit jan\u00eb pjesmarr\u00ebs rreth 70 f\u00ebmij\u00eb nga Fush\u00eb Kosova t\u00eb komunitetit RAE t\u00eb cil\u00ebt vijn\u00eb n\u00eb m\u00ebnyr\u00eb t\u00eb organizuar, kemi pjesmarr\u00ebs edhe nga organizata \u201cDown Syndrome\u201d dhe \u201cSOS Fshati\u201d t\u00eb cil\u00ebve kostumet iu jan\u00eb shp\u00ebrndar\u00eb falas. Nuk ka mosh\u00eb p\u00ebr k\u00ebt\u00eb lloj gare, deri n\u00eb mosh\u00ebn 18 vje\u00e7are \u00e7mimi i kostumit \u00ebsht\u00eb 5 euro, kurse mbi mosh\u00ebn 18 vje\u00e7are \u00e7mimi \u00ebsht\u00eb 10 euro.\u201d<\/em><\/p>\n<p>Kampanja \u201cVrapo Babadim\u00ebr\u201d do t\u00eb mbahet t\u00eb diel\u00ebn me dat\u00eb 15 dhjetor n\u00eb Sheshin \u201cZahir Pajaziti\u201d n\u00eb Prishtin\u00eb, organizator\u00ebt ftojn\u00eb t\u00eb gjith\u00eb pjesmarr\u00ebsit t\u00eb jen\u00eb t\u00eb pranish\u00ebm n\u00eb or\u00ebn 12:00.<\/p>\n","protected":false},"excerpt":{"rendered":"<p>Ka filluar edhe k\u00ebt\u00eb vit edicioni i 4-t\u00eb i aksionit humanitar \u2018Vrapo Babadim\u00ebr\u2019, p\u00ebr t\u00eb ndihmuar familjet n\u00eb nevoj p\u00ebr festat e fundvitit. Themeluesi i organizat\u00ebs jo-qeveritare \u2018Projekti 5 Cent\u2019 Jusuf Islami, i ftuar n\u00eb emisionin \u2018Brunch Time\u2019 n\u00eb Radio KFOR, me moderatorin Fisni Zymi, tregoi s\u00eb k\u00ebt\u00eb vit \u00ebsht\u00eb edicioni i kat\u00ebrt i mini-maraton\u00ebs&hellip;<\/p>\n","protected":false},"author":3,"featured_media":50676,"comment_status":"closed","ping_status":"closed","sticky":false,"template":"","format":"standard","meta":{"_monsterinsights_skip_tracking":false,"_monsterinsights_sitenote_active":false,"_monsterinsights_sitenote_note":"","_monsterinsights_sitenote_category":0,"footnotes":""},"categories":[2],"tags":[],"class_list":["post-50675","post","type-post","status-publish","format-standard","has-post-thumbnail","hentry","category-news","category-2","description-off"],"_links":{"self":[{"href":"https:\/\/radiokfor.com\/1\/wp-json\/wp\/v2\/posts\/50675","targetHints":{"allow":["GET"]}}],"collection":[{"href":"https:\/\/radiokfor.com\/1\/wp-json\/wp\/v2\/posts"}],"about":[{"href":"https:\/\/radiokfor.com\/1\/wp-json\/wp\/v2\/types\/post"}],"author":[{"embeddable":true,"href":"https:\/\/radiokfor.com\/1\/wp-json\/wp\/v2\/users\/3"}],"replies":[{"embeddable":true,"href":"https:\/\/radiokfor.com\/1\/wp-json\/wp\/v2\/comments?post=50675"}],"version-history":[{"count":1,"href":"https:\/\/radiokfor.com\/1\/wp-json\/wp\/v2\/posts\/50675\/revisions"}],"predecessor-version":[{"id":50677,"href":"https:\/\/radiokfor.com\/1\/wp-json\/wp\/v2\/posts\/50675\/revisions\/50677"}],"wp:featuredmedia":[{"embeddable":true,"href":"https:\/\/radiokfor.com\/1\/wp-json\/wp\/v2\/media\/50676"}],"wp:attachment":[{"href":"https:\/\/radiokfor.com\/1\/wp-json\/wp\/v2\/media?parent=50675"}],"wp:term":[{"taxonomy":"category","embeddable":true,"href":"https:\/\/radiokfor.com\/1\/wp-json\/wp\/v2\/categories?post=50675"},{"taxonomy":"post_tag","embeddable":true,"href":"https:\/\/radiokfor.com\/1\/wp-json\/wp\/v2\/tags?post=50675"}],"curies":[{"name":"wp","href":"https:\/\/api.w.org\/{rel}","templated":true}]}}