{"id":50666,"date":"2019-12-12T15:00:40","date_gmt":"2019-12-12T15:00:40","guid":{"rendered":"http:\/\/radiokfor.com\/1\/?p=50666"},"modified":"2019-12-12T15:00:40","modified_gmt":"2019-12-12T15:00:40","slug":"hapen-edhe-dy-mini-biblioteka-ne-prishtine","status":"publish","type":"post","link":"https:\/\/radiokfor.com\/1\/hapen-edhe-dy-mini-biblioteka-ne-prishtine\/","title":{"rendered":"Hapen edhe dy mini-biblioteka n\u00eb Prishtin\u00eb"},"content":{"rendered":"<p>Organizata \u2018Etea\u2019 ka vazhduar projektin e hapjeve t\u00eb mini bibliotekave n\u00eb lagje t\u00eb ndryshme t\u00eb Prishtin\u00ebs. Kjo organizat\u00eb ka p\u00ebr q\u00ebllim q\u00eb n\u00ebp\u00ebrmes k\u00ebtij projekti t\u00eb forcoj\u00eb\u00a0 arsimin publik p\u00ebrmes promovimit t\u00eb leximit tek t\u00eb rinjt\u00eb dhe p\u00ebrmir\u00ebsimin e praktikave arsimore n\u00eb Kosov\u00eb.<\/p>\n<p>Sot (12.12) nga ora 10:00 \u00ebsht\u00eb b\u00ebr\u00eb p\u00ebrurimi edhe i dy mini biblotekave t\u00eb tjera n\u00eb qytet nj\u00ebra n\u00eb sheshin kryesor t\u00eb Prishtin\u00ebs, nd\u00ebrsa tjetra bibliotek\u00eb pran\u00eb Kampusit Universitar t\u00eb \u2018Universitetit t\u00eb Prishtin\u00ebs\u2019. N\u00eb nj\u00eb intervist\u00eb p\u00ebr Radio KFOR-in drejtori i organizat\u00ebs jo-qeveritare \u2018Etea\u2019 Agon Ahmeti, tregoi p\u00ebr hapjen e k\u00ebtyre bibliotekave duke treguar p\u00ebr gjith\u00eb procesin e zhvillimit t\u00eb projektit:<\/p>\n<p>\u201c<em>Po b\u00ebhen gati 2 muaj q\u00eb kemi filluar k\u00ebt\u00eb projekt, sot u hap\u00ebn edhe 2 biblioteka. Fatkeq\u00ebsisht \u00ebsht\u00eb dashur ta pezullojm\u00eb procesin pasi q\u00eb disa nga mini bibliotekat jan\u00eb d\u00ebmtuar ku jan\u00eb vjedhur librat, por lajmi i mir\u00eb \u00ebsht\u00eb q\u00eb ne do t\u00eb vazhdojm\u00eb projektin me bashk\u00ebpuntor\u00ebt tan\u00eb por tani kemi vendosur kamera pran\u00eb k\u00ebtyre mini bibliotekave<\/em>\u201d.<\/p>\n<p>Agoni tregoi ekskluzivisht p\u00ebr Radio KFOR-in, se me 26 dhjetor t\u00eb k\u00ebtij viti do t\u00eb mbahet nj\u00eb ngjarje p\u00ebrmbyll\u00ebse e k\u00ebtij projekti dhe p\u00ebr t\u00eb gjith\u00eb procesin e k\u00ebtij projekti, ku do t\u00eb shpalosen projektet e reja p\u00ebr vitin e ardhsh\u00ebm q\u00eb do t\u00eb shtrihemi edhe n\u00eb qytetet e tjera.<\/p>\n<p>Projekti \u2018Mini-bibliotekat e lagjeve\u2019, u mund\u00ebsua nga organizata ETEA dhe \u2018Kuvendi i t\u00eb Rinjve t\u00eb Prishtin\u00ebs\u2019, n\u00eb bashk\u00ebpunim me Librarin\u00eb Dukagjini, p\u00ebrkrahur nga \u2018Forumi p\u00ebr Iniciativa Qytetare\u2019 me burim financiar nga Zyra e BE-s\u00eb n\u00eb Kosov\u00eb dhe Komuna e Prishtin\u00ebs.<\/p>\n","protected":false},"excerpt":{"rendered":"<p>Organizata \u2018Etea\u2019 ka vazhduar projektin e hapjeve t\u00eb mini bibliotekave n\u00eb lagje t\u00eb ndryshme t\u00eb Prishtin\u00ebs. Kjo organizat\u00eb ka p\u00ebr q\u00ebllim q\u00eb n\u00ebp\u00ebrmes k\u00ebtij projekti t\u00eb forcoj\u00eb\u00a0 arsimin publik p\u00ebrmes promovimit t\u00eb leximit tek t\u00eb rinjt\u00eb dhe p\u00ebrmir\u00ebsimin e praktikave arsimore n\u00eb Kosov\u00eb. Sot (12.12) nga ora 10:00 \u00ebsht\u00eb b\u00ebr\u00eb p\u00ebrurimi edhe i dy mini&hellip;<\/p>\n","protected":false},"author":3,"featured_media":50667,"comment_status":"closed","ping_status":"closed","sticky":false,"template":"","format":"standard","meta":{"_monsterinsights_skip_tracking":false,"_monsterinsights_sitenote_active":false,"_monsterinsights_sitenote_note":"","_monsterinsights_sitenote_category":0,"footnotes":""},"categories":[2],"tags":[],"class_list":["post-50666","post","type-post","status-publish","format-standard","has-post-thumbnail","hentry","category-news","category-2","description-off"],"_links":{"self":[{"href":"https:\/\/radiokfor.com\/1\/wp-json\/wp\/v2\/posts\/50666","targetHints":{"allow":["GET"]}}],"collection":[{"href":"https:\/\/radiokfor.com\/1\/wp-json\/wp\/v2\/posts"}],"about":[{"href":"https:\/\/radiokfor.com\/1\/wp-json\/wp\/v2\/types\/post"}],"author":[{"embeddable":true,"href":"https:\/\/radiokfor.com\/1\/wp-json\/wp\/v2\/users\/3"}],"replies":[{"embeddable":true,"href":"https:\/\/radiokfor.com\/1\/wp-json\/wp\/v2\/comments?post=50666"}],"version-history":[{"count":1,"href":"https:\/\/radiokfor.com\/1\/wp-json\/wp\/v2\/posts\/50666\/revisions"}],"predecessor-version":[{"id":50668,"href":"https:\/\/radiokfor.com\/1\/wp-json\/wp\/v2\/posts\/50666\/revisions\/50668"}],"wp:featuredmedia":[{"embeddable":true,"href":"https:\/\/radiokfor.com\/1\/wp-json\/wp\/v2\/media\/50667"}],"wp:attachment":[{"href":"https:\/\/radiokfor.com\/1\/wp-json\/wp\/v2\/media?parent=50666"}],"wp:term":[{"taxonomy":"category","embeddable":true,"href":"https:\/\/radiokfor.com\/1\/wp-json\/wp\/v2\/categories?post=50666"},{"taxonomy":"post_tag","embeddable":true,"href":"https:\/\/radiokfor.com\/1\/wp-json\/wp\/v2\/tags?post=50666"}],"curies":[{"name":"wp","href":"https:\/\/api.w.org\/{rel}","templated":true}]}}