{"id":50660,"date":"2019-12-12T14:10:53","date_gmt":"2019-12-12T14:10:53","guid":{"rendered":"http:\/\/radiokfor.com\/1\/?p=50660"},"modified":"2019-12-12T14:10:53","modified_gmt":"2019-12-12T14:10:53","slug":"stili-i-jetes-ballkanase-pasqyrohet-permes-ekspozites-gjuhet-e-ndryshme-mendesi-e-njejte-ballkan","status":"publish","type":"post","link":"https:\/\/radiokfor.com\/1\/stili-i-jetes-ballkanase-pasqyrohet-permes-ekspozites-gjuhet-e-ndryshme-mendesi-e-njejte-ballkan\/","title":{"rendered":"Stili i jet\u00ebs ballkanase pasqyrohet p\u00ebrmes ekspozit\u00ebs &#8220;Gjuh\u00ebt e ndryshme, mend\u00ebsi e nj\u00ebjt\u00eb &#8211; Ballkan&#8221;"},"content":{"rendered":"<p>Q\u00eb nga 9 dhjetori, n\u00eb hap\u00ebsirat e \u201cTillt Radio\u201d n\u00eb Prishtin\u00eb, po vazhdon q\u00eb t\u00eb jet\u00eb e hapur ekspozita &#8220;Gjuh\u00ebt e ndryshme, mend\u00ebsi e nj\u00ebjt\u00eb &#8211; Ballkan&#8221;.<\/p>\n<p>Kjo ekspozit\u00eb q\u00eb vjen nga G\u00ebzim Brestovci, \u2018<a href=\"https:\/\/www.facebook.com\/art.mentor.ll\/\">ART PAGE Mentor Llapashtica<\/a>\u2019 dhe \u201cTillt Radio\u201d, sjell ilustrimet edhe animacionet e shkurt\u00ebra q\u00eb kan\u00eb t\u00eb b\u00ebjn\u00eb me \u2018Jet\u00ebn kulturore t\u00eb Ballkanit\u2019. &#8220;Gjuh\u00ebt e ndryshme, mend\u00ebsi e nj\u00ebjt\u00eb &#8211; Ballkan&#8221;, paraqet vizualisht m\u00ebnyr\u00ebn dhe stilin e jet\u00ebs sociale q\u00eb shprehet p\u00ebrmes emocionit, bujarise, burr\u00ebris\u00eb, besimit etj.\u00a0 Nd\u00ebrsa, simbolet dhe dukja e personazheve, elementeve simbolike, dekorative t\u00eb mjeteve t\u00eb udh\u00ebtimit si dhe arkitektura e enterierit t\u00eb objekteve, p\u00ebrmes ilustrimit shprehin emocionin tipik ballkanik ndaj pasionit, vet\u00ebbesimit, etj.<br \/>\nEkspozita &#8220;Gjuh\u00ebt e ndryshme, mend\u00ebsi e nj\u00ebjt\u00eb &#8211; Ballkan&#8221;, do t\u00eb jet\u00eb e hapur deri m\u00eb 16 dhjetor.<\/p>\n","protected":false},"excerpt":{"rendered":"<p>Q\u00eb nga 9 dhjetori, n\u00eb hap\u00ebsirat e \u201cTillt Radio\u201d n\u00eb Prishtin\u00eb, po vazhdon q\u00eb t\u00eb jet\u00eb e hapur ekspozita &#8220;Gjuh\u00ebt e ndryshme, mend\u00ebsi e nj\u00ebjt\u00eb &#8211; Ballkan&#8221;. Kjo ekspozit\u00eb q\u00eb vjen nga G\u00ebzim Brestovci, \u2018ART PAGE Mentor Llapashtica\u2019 dhe \u201cTillt Radio\u201d, sjell ilustrimet edhe animacionet e shkurt\u00ebra q\u00eb kan\u00eb t\u00eb b\u00ebjn\u00eb me \u2018Jet\u00ebn kulturore t\u00eb&hellip;<\/p>\n","protected":false},"author":3,"featured_media":50661,"comment_status":"closed","ping_status":"closed","sticky":false,"template":"","format":"standard","meta":{"_monsterinsights_skip_tracking":false,"_monsterinsights_sitenote_active":false,"_monsterinsights_sitenote_note":"","_monsterinsights_sitenote_category":0,"footnotes":""},"categories":[2],"tags":[],"class_list":["post-50660","post","type-post","status-publish","format-standard","has-post-thumbnail","hentry","category-news","category-2","description-off"],"_links":{"self":[{"href":"https:\/\/radiokfor.com\/1\/wp-json\/wp\/v2\/posts\/50660","targetHints":{"allow":["GET"]}}],"collection":[{"href":"https:\/\/radiokfor.com\/1\/wp-json\/wp\/v2\/posts"}],"about":[{"href":"https:\/\/radiokfor.com\/1\/wp-json\/wp\/v2\/types\/post"}],"author":[{"embeddable":true,"href":"https:\/\/radiokfor.com\/1\/wp-json\/wp\/v2\/users\/3"}],"replies":[{"embeddable":true,"href":"https:\/\/radiokfor.com\/1\/wp-json\/wp\/v2\/comments?post=50660"}],"version-history":[{"count":1,"href":"https:\/\/radiokfor.com\/1\/wp-json\/wp\/v2\/posts\/50660\/revisions"}],"predecessor-version":[{"id":50662,"href":"https:\/\/radiokfor.com\/1\/wp-json\/wp\/v2\/posts\/50660\/revisions\/50662"}],"wp:featuredmedia":[{"embeddable":true,"href":"https:\/\/radiokfor.com\/1\/wp-json\/wp\/v2\/media\/50661"}],"wp:attachment":[{"href":"https:\/\/radiokfor.com\/1\/wp-json\/wp\/v2\/media?parent=50660"}],"wp:term":[{"taxonomy":"category","embeddable":true,"href":"https:\/\/radiokfor.com\/1\/wp-json\/wp\/v2\/categories?post=50660"},{"taxonomy":"post_tag","embeddable":true,"href":"https:\/\/radiokfor.com\/1\/wp-json\/wp\/v2\/tags?post=50660"}],"curies":[{"name":"wp","href":"https:\/\/api.w.org\/{rel}","templated":true}]}}