{"id":50657,"date":"2019-12-13T05:05:17","date_gmt":"2019-12-13T05:05:17","guid":{"rendered":"http:\/\/radiokfor.com\/1\/?p=50657"},"modified":"2019-12-12T13:59:46","modified_gmt":"2019-12-12T13:59:46","slug":"kino-armata-fillon-kremtimin-e-njeqindvjetorit-te-ingmar-bergman","status":"publish","type":"post","link":"https:\/\/radiokfor.com\/1\/kino-armata-fillon-kremtimin-e-njeqindvjetorit-te-ingmar-bergman\/","title":{"rendered":"Kino \u2018ARMATA\u2019 fillon kremtimin e \u201cNj\u00ebqindvjetorit t\u00eb Ingmar Bergman\u201d"},"content":{"rendered":"<p>Kino \u2018ARMATA\u2019 n\u00eb Prishin\u00eb, \u00ebsht\u00eb b\u00ebr\u00eb pjes\u00eb e kremtimit t\u00eb kinemave nga e mbar\u00eb bota p\u00ebr \u2018Nj\u00ebqindvjetorin e Ingmar Bergman\u2019. Sonte, 13 dhjetor, me fillim nga ora 19:00, nis\u00eb rrug\u00ebtimi gjith\u00ebjavor i shfaqjes s\u00eb filmave t\u00eb regjisorit Ingmar Bergman, ngjarje kjo p\u00ebr t\u00eb cil\u00ebt drejtori i\u00a0 Kino \u2018ARMATA\u2019, Alush Gashi, p\u00ebr Radio KFOR-in tha: <em>\u201cSonte fillon nj\u00eb cik\u00ebl retrospektiv i filmave t\u00eb Ingmar Bergman, q\u00eb \u00ebsht\u00eb nj\u00eb nd\u00ebr regjisor\u00ebt m\u00eb t\u00eb njohur bot\u00ebror p\u00ebr t\u00eb cilin q\u00eb nga viti 2018 \u00ebsht\u00eb duke u sh\u00ebnuar 100 vjetori i lindjes s\u00eb tij. Do t\u00eb shfaqen gjithsej tet\u00eb filma, nd\u00ebrsa mbr\u00ebmjen do t\u00eb hapim me filimin &#8220;Wild Strawberries&#8221;, p\u00ebr t\u00eb vazhduar jav\u00ebn tjet\u00ebr edhe me 7-t\u00eb filma t\u00eb tjer\u00eb. Dit\u00ebn e mart\u00eb, m\u00eb 17 dhjetor pas shfaqjes s\u00eb filmit &#8220;Persona&#8221;, q\u00eb \u00ebsht\u00eb nj\u00eb nga filmat m\u00eb t\u00eb r\u00ebnd\u00ebsish\u00ebm t\u00eb Bergman, do t\u00eb ket\u00eb edhe nj\u00eb bised\u00eb me regjisoren Lendita Zeqiraj dhe drejtorin artistik t\u00eb \u2018DokuFest-it\u201d Veton Nurkollari. Jemi shum\u00eb t\u00eb k\u00ebnaqur q\u00eb po e jet\u00ebsojm\u00eb k\u00ebt\u00eb ngjarje, q\u00eb nj\u00ebherit \u00ebsht\u00eb m\u00eb e madhja n\u00eb Kino \u2018ARMATA\u2019 dhe t\u00eb cil\u00ebn jemi duke e organizuar q\u00eb nga muaji prill.\u201d<\/em><\/p>\n<p>Filmat e Ingmar Bergman q\u00eb do t\u00eb shfaqen n\u00eb Kino \u2018ARMATA\u2019, do t\u00eb jen\u00eb t\u00eb terminit t\u00eb njejt\u00eb nga ora 19:00, perve\u00e7 dat\u00ebs 19 dhjetor kur filmi &#8220;Fanny And Alexander&#8221; do t\u00eb shfaqet prej or\u00ebs 18:00.<\/p>\n<p>Ndryshe, Ernst Ingmar Bergman, i lindur m\u00eb 14 korrik 1918 n\u00eb Uppsala, ishte regjisor suedez i filmit dhe teatrit, tekstshkrues, menaxhues teatri, dramaturg dhe autor. Q\u00eb nga viti 2018, n\u00eb mbar\u00eb bot\u00ebn ka filluar kremitmi p\u00ebr 100 vjetorin e lindjes s\u00eb Ingmar Bergman.<\/p>\n","protected":false},"excerpt":{"rendered":"<p>Kino \u2018ARMATA\u2019 n\u00eb Prishin\u00eb, \u00ebsht\u00eb b\u00ebr\u00eb pjes\u00eb e kremtimit t\u00eb kinemave nga e mbar\u00eb bota p\u00ebr \u2018Nj\u00ebqindvjetorin e Ingmar Bergman\u2019. Sonte, 13 dhjetor, me fillim nga ora 19:00, nis\u00eb rrug\u00ebtimi gjith\u00ebjavor i shfaqjes s\u00eb filmave t\u00eb regjisorit Ingmar Bergman, ngjarje kjo p\u00ebr t\u00eb cil\u00ebt drejtori i\u00a0 Kino \u2018ARMATA\u2019, Alush Gashi, p\u00ebr Radio KFOR-in tha: \u201cSonte&hellip;<\/p>\n","protected":false},"author":3,"featured_media":50658,"comment_status":"closed","ping_status":"closed","sticky":false,"template":"","format":"standard","meta":{"_monsterinsights_skip_tracking":false,"_monsterinsights_sitenote_active":false,"_monsterinsights_sitenote_note":"","_monsterinsights_sitenote_category":0,"footnotes":""},"categories":[2],"tags":[],"class_list":["post-50657","post","type-post","status-publish","format-standard","has-post-thumbnail","hentry","category-news","category-2","description-off"],"_links":{"self":[{"href":"https:\/\/radiokfor.com\/1\/wp-json\/wp\/v2\/posts\/50657","targetHints":{"allow":["GET"]}}],"collection":[{"href":"https:\/\/radiokfor.com\/1\/wp-json\/wp\/v2\/posts"}],"about":[{"href":"https:\/\/radiokfor.com\/1\/wp-json\/wp\/v2\/types\/post"}],"author":[{"embeddable":true,"href":"https:\/\/radiokfor.com\/1\/wp-json\/wp\/v2\/users\/3"}],"replies":[{"embeddable":true,"href":"https:\/\/radiokfor.com\/1\/wp-json\/wp\/v2\/comments?post=50657"}],"version-history":[{"count":1,"href":"https:\/\/radiokfor.com\/1\/wp-json\/wp\/v2\/posts\/50657\/revisions"}],"predecessor-version":[{"id":50659,"href":"https:\/\/radiokfor.com\/1\/wp-json\/wp\/v2\/posts\/50657\/revisions\/50659"}],"wp:featuredmedia":[{"embeddable":true,"href":"https:\/\/radiokfor.com\/1\/wp-json\/wp\/v2\/media\/50658"}],"wp:attachment":[{"href":"https:\/\/radiokfor.com\/1\/wp-json\/wp\/v2\/media?parent=50657"}],"wp:term":[{"taxonomy":"category","embeddable":true,"href":"https:\/\/radiokfor.com\/1\/wp-json\/wp\/v2\/categories?post=50657"},{"taxonomy":"post_tag","embeddable":true,"href":"https:\/\/radiokfor.com\/1\/wp-json\/wp\/v2\/tags?post=50657"}],"curies":[{"name":"wp","href":"https:\/\/api.w.org\/{rel}","templated":true}]}}