{"id":48409,"date":"2019-07-09T13:11:29","date_gmt":"2019-07-09T13:11:29","guid":{"rendered":"http:\/\/radiokfor.com\/1\/?p=48409"},"modified":"2019-07-09T13:11:29","modified_gmt":"2019-07-09T13:11:29","slug":"debat-rreth-zhvillimit-te-pavarur-te-kultures-dhe-artit-ne-kosove","status":"publish","type":"post","link":"https:\/\/radiokfor.com\/1\/debat-rreth-zhvillimit-te-pavarur-te-kultures-dhe-artit-ne-kosove\/","title":{"rendered":"Debat rreth zhvillimit t\u00eb pavarur t\u00eb kultur\u00ebs dhe artit n\u00eb Kosov\u00eb"},"content":{"rendered":"<p>Organizata jo-qeveritare \u2018Shtat\u00ebmb\u00ebdhjet\u00eb\u2019, n\u00eb ambientet e k\u00ebsaj organizate n\u00eb Prishtin\u00eb do t\u00eb organizoj sot (09.07.19) duke filluar nga ora 17:00, nj\u00eb diskutim t\u00eb hapur p\u00ebr t\u00eb gjitha organizatat e kultur\u00ebs dhe artit \u2018Diskutim mbi funksionimin e pavarur t\u00eb kultur\u00ebs dhe artit n\u00eb p\u00ebrgjith\u00ebsi n\u00eb Kosov\u00eb\u2019.<\/p>\n<p>Ky debat b\u00ebhet p\u00ebr t\u2019i paraprir\u00eb procesit s\u00eb hartimit t\u00eb strategjis\u00eb p\u00ebr kultur\u00eb p\u00ebr vitet 2019-2022 n\u00eb Kosov\u00eb, q\u00eb do t\u00eb hartohet nga \u2018Ministria e Kultur\u00ebs Rinis\u00eb dhe Sportit\u2019, t\u00eb Kosov\u00ebs.<\/p>\n<p>Organizatat aktive t\u00eb fush\u00ebs s\u00eb kultur\u00ebs dhe artit n\u00eb vend tashm\u00eb kan\u00eb filluar t\u00eb bashk\u00ebpunojn\u00eb, p\u00ebr t\u00eb koordinuar hapat e m\u00ebtutjesh\u00ebm me q\u00ebllim t\u00eb krijimit t\u00eb kushteve m\u00eb t\u00eb favorshme p\u00ebr funksionim t\u00eb pavarur t\u00eb artit dhe kultur\u00ebs n\u00eb Kosov\u00eb.<\/p>\n","protected":false},"excerpt":{"rendered":"<p>Organizata jo-qeveritare \u2018Shtat\u00ebmb\u00ebdhjet\u00eb\u2019, n\u00eb ambientet e k\u00ebsaj organizate n\u00eb Prishtin\u00eb do t\u00eb organizoj sot (09.07.19) duke filluar nga ora 17:00, nj\u00eb diskutim t\u00eb hapur p\u00ebr t\u00eb gjitha organizatat e kultur\u00ebs dhe artit \u2018Diskutim mbi funksionimin e pavarur t\u00eb kultur\u00ebs dhe artit n\u00eb p\u00ebrgjith\u00ebsi n\u00eb Kosov\u00eb\u2019. Ky debat b\u00ebhet p\u00ebr t\u2019i paraprir\u00eb procesit s\u00eb hartimit t\u00eb&hellip;<\/p>\n","protected":false},"author":4,"featured_media":48410,"comment_status":"closed","ping_status":"closed","sticky":false,"template":"","format":"standard","meta":{"_monsterinsights_skip_tracking":false,"_monsterinsights_sitenote_active":false,"_monsterinsights_sitenote_note":"","_monsterinsights_sitenote_category":0,"footnotes":""},"categories":[2],"tags":[],"class_list":["post-48409","post","type-post","status-publish","format-standard","has-post-thumbnail","hentry","category-news","category-2","description-off"],"_links":{"self":[{"href":"https:\/\/radiokfor.com\/1\/wp-json\/wp\/v2\/posts\/48409","targetHints":{"allow":["GET"]}}],"collection":[{"href":"https:\/\/radiokfor.com\/1\/wp-json\/wp\/v2\/posts"}],"about":[{"href":"https:\/\/radiokfor.com\/1\/wp-json\/wp\/v2\/types\/post"}],"author":[{"embeddable":true,"href":"https:\/\/radiokfor.com\/1\/wp-json\/wp\/v2\/users\/4"}],"replies":[{"embeddable":true,"href":"https:\/\/radiokfor.com\/1\/wp-json\/wp\/v2\/comments?post=48409"}],"version-history":[{"count":1,"href":"https:\/\/radiokfor.com\/1\/wp-json\/wp\/v2\/posts\/48409\/revisions"}],"predecessor-version":[{"id":48411,"href":"https:\/\/radiokfor.com\/1\/wp-json\/wp\/v2\/posts\/48409\/revisions\/48411"}],"wp:featuredmedia":[{"embeddable":true,"href":"https:\/\/radiokfor.com\/1\/wp-json\/wp\/v2\/media\/48410"}],"wp:attachment":[{"href":"https:\/\/radiokfor.com\/1\/wp-json\/wp\/v2\/media?parent=48409"}],"wp:term":[{"taxonomy":"category","embeddable":true,"href":"https:\/\/radiokfor.com\/1\/wp-json\/wp\/v2\/categories?post=48409"},{"taxonomy":"post_tag","embeddable":true,"href":"https:\/\/radiokfor.com\/1\/wp-json\/wp\/v2\/tags?post=48409"}],"curies":[{"name":"wp","href":"https:\/\/api.w.org\/{rel}","templated":true}]}}