{"id":48130,"date":"2019-06-19T13:37:31","date_gmt":"2019-06-19T13:37:31","guid":{"rendered":"http:\/\/radiokfor.com\/1\/?p=48130"},"modified":"2019-06-19T13:38:44","modified_gmt":"2019-06-19T13:38:44","slug":"balerinat-shnderrohen-ne-flutura-shumengjyreshe-permes-shfaqjes-vallezimi-i-fluturave","status":"publish","type":"post","link":"https:\/\/radiokfor.com\/1\/balerinat-shnderrohen-ne-flutura-shumengjyreshe-permes-shfaqjes-vallezimi-i-fluturave\/","title":{"rendered":"Balerinat shnd\u00ebrrohen n\u00eb flutura shum\u00ebngjyr\u00ebshe p\u00ebrmes shfaqjes \u201cVall\u00ebzimi i fluturave\u201d"},"content":{"rendered":"<p>Kjo e enjte qershori, do t\u2019u kushtohet f\u00ebmij\u00ebve t\u00eb vegj\u00ebl, p\u00ebrkat\u00ebsisht balerinave nga studio e baletit \u201cRudina\u201d, t\u00eb cilat p\u00ebrmes performanc\u00ebs s\u00eb tyre &#8220;Vall\u00ebzimi i fluturave&#8221;, do t\u2019i arg\u00ebtojn\u00eb t\u00eb pranishmit n\u00eb teatrin e AAB-s\u00eb &#8220;Faruk Begolli&#8221;.<\/p>\n<p>N\u00eb nj\u00eb prononcim p\u00ebr Radio KFOR-in, koreografja Rudina B\u00ebrdynaj Jakupi, e shpalosi iden\u00eb e krijimit t\u00eb k\u00ebsaj shfaqjeje me k\u00ebt\u00eb titull dhe p\u00ebrmbajtjen e saj:<\/p>\n<p><em>\u201cShfaqja do t\u00eb ilustroj lindjen dhe jet\u00ebn e fluturave me gjith\u00eb shk\u00eblqimin dhe bukurin\u00eb e tyre, p\u00ebrmes vall\u00ebzimit t\u00eb balerinave. Fluturat balerina duke qen\u00eb krijesa aq t\u00eb bukura dhe delikate p\u00ebrmes rrahjes s\u00eb flatrave t\u00eb tyre, do t\u00eb percjellin ndjenja gati hyjnore, meqen\u00ebse edhe simbolika e flutur\u00ebs n\u00eb vetvete \u00ebsht\u00eb shum\u00eb e bukur dhe secila prej tyre simbolizon di\u00e7ka t\u00eb ve\u00e7ant\u00eb\u201d<\/em>.<br \/>\nVlen theksuar gjithashtu se porosia q\u00eb p\u00ebrcjell kjo shfaqje \u00ebsht\u00eb \u2018Lumturia\u2019.<\/p>\n","protected":false},"excerpt":{"rendered":"<p>Kjo e enjte qershori, do t\u2019u kushtohet f\u00ebmij\u00ebve t\u00eb vegj\u00ebl, p\u00ebrkat\u00ebsisht balerinave nga studio e baletit \u201cRudina\u201d, t\u00eb cilat p\u00ebrmes performanc\u00ebs s\u00eb tyre &#8220;Vall\u00ebzimi i fluturave&#8221;, do t\u2019i arg\u00ebtojn\u00eb t\u00eb pranishmit n\u00eb teatrin e AAB-s\u00eb &#8220;Faruk Begolli&#8221;. N\u00eb nj\u00eb prononcim p\u00ebr Radio KFOR-in, koreografja Rudina B\u00ebrdynaj Jakupi, e shpalosi iden\u00eb e krijimit t\u00eb k\u00ebsaj shfaqjeje&hellip;<\/p>\n","protected":false},"author":3,"featured_media":48133,"comment_status":"closed","ping_status":"closed","sticky":false,"template":"","format":"standard","meta":{"_monsterinsights_skip_tracking":false,"_monsterinsights_sitenote_active":false,"_monsterinsights_sitenote_note":"","_monsterinsights_sitenote_category":0,"footnotes":""},"categories":[2],"tags":[],"class_list":["post-48130","post","type-post","status-publish","format-standard","has-post-thumbnail","hentry","category-news","category-2","description-off"],"_links":{"self":[{"href":"https:\/\/radiokfor.com\/1\/wp-json\/wp\/v2\/posts\/48130","targetHints":{"allow":["GET"]}}],"collection":[{"href":"https:\/\/radiokfor.com\/1\/wp-json\/wp\/v2\/posts"}],"about":[{"href":"https:\/\/radiokfor.com\/1\/wp-json\/wp\/v2\/types\/post"}],"author":[{"embeddable":true,"href":"https:\/\/radiokfor.com\/1\/wp-json\/wp\/v2\/users\/3"}],"replies":[{"embeddable":true,"href":"https:\/\/radiokfor.com\/1\/wp-json\/wp\/v2\/comments?post=48130"}],"version-history":[{"count":1,"href":"https:\/\/radiokfor.com\/1\/wp-json\/wp\/v2\/posts\/48130\/revisions"}],"predecessor-version":[{"id":48132,"href":"https:\/\/radiokfor.com\/1\/wp-json\/wp\/v2\/posts\/48130\/revisions\/48132"}],"wp:featuredmedia":[{"embeddable":true,"href":"https:\/\/radiokfor.com\/1\/wp-json\/wp\/v2\/media\/48133"}],"wp:attachment":[{"href":"https:\/\/radiokfor.com\/1\/wp-json\/wp\/v2\/media?parent=48130"}],"wp:term":[{"taxonomy":"category","embeddable":true,"href":"https:\/\/radiokfor.com\/1\/wp-json\/wp\/v2\/categories?post=48130"},{"taxonomy":"post_tag","embeddable":true,"href":"https:\/\/radiokfor.com\/1\/wp-json\/wp\/v2\/tags?post=48130"}],"curies":[{"name":"wp","href":"https:\/\/api.w.org\/{rel}","templated":true}]}}