{"id":48126,"date":"2019-06-18T14:04:14","date_gmt":"2019-06-18T14:04:14","guid":{"rendered":"http:\/\/radiokfor.com\/1\/?p=48126"},"modified":"2019-06-18T14:04:14","modified_gmt":"2019-06-18T14:04:14","slug":"sesion-informues-mbi-menaxhimin-e-mbeturinave-ne-kosove-nga-gaia","status":"publish","type":"post","link":"https:\/\/radiokfor.com\/1\/sesion-informues-mbi-menaxhimin-e-mbeturinave-ne-kosove-nga-gaia\/","title":{"rendered":"Sesion informues mbi menaxhimin e mbeturinave n\u00eb Kosov\u00eb, nga &#8216;Gaia&#8217;"},"content":{"rendered":"<p>Organizata jo-qeveritara \u2018Gaia Kosovo\u2019, n\u00eb bashk\u00ebpunim me organizat\u00ebn \u2018Let\u2019s do it Kosova\u2019, kan\u00eb organizuar nj\u00eb sesion informues mbi menaxhimin e mbeturinave n\u00eb Kosov\u00eb dhe ndryshimet klimatike q\u00eb po ndodhin n\u00eb Kosov\u00eb dhe bot\u00eb. Ky aktivitet do t\u00eb zhvillohet nes\u00ebr (19.06.19) duke filluar nga ora 18:00 n\u00eb ambientet organizat\u00ebs \u2018Let\u2019s Do it Kosova\u2019 n\u00eb Prishtin\u00eb.<br \/>\nNj\u00eb nj\u00eb intervist\u00eb p\u00ebr Radio KFOR-in, kordinatori n\u00eb organizat\u00ebn \u2018Gaia\u2019 Granit Gashi, tregoi p\u00ebr projektin \u2018Klima p\u00ebr ndryshim\u2019 dhe p\u00ebr q\u00ebllimin q\u00eb do t\u00eb sjell ky projekt:<br \/>\n\u201cOrganizata jon\u00eb ka lansuar projektin \u2018Klima p\u00ebr ndryshim\u2019 dhe idea \u00ebsht\u00eb t\u00eb adresojm\u00eb ndryshimet klimatike dhe ndikimin e tyre n\u00eb Kosov\u00eb. N\u00eb k\u00ebt\u00eb sesion do t\u00eb diskutojm\u00eb p\u00ebr dy probleme p\u00ebr menaxhimin e mbeturinave komunale n\u00eb Kosov\u00eb dhe do t\u00eb nd\u00ebrlidhim k\u00ebt\u00eb problem me ndikimin e mbeturinave n\u00eb ndryshimet klimatike q\u00eb \u00ebsht\u00eb problem jo vet\u00ebm i shfaqur n\u00eb Kosov\u00eb, por n\u00eb gjith\u00eb planetin. Do t\u00eb diskutojm\u00eb po ashtu p\u00ebr rolin e Kosov\u00ebs n\u00eb k\u00ebt\u00eb aspekt dhe situat\u00ebn aktuale dhe kapacitetin e kompanive komunale p\u00ebr mbledhjen e mbeturinave, riciklimin dhe hapat q\u00eb duhet t\u00eb nd\u00ebrmarrim n\u00eb t\u00eb ardhmen\u201d, tha Gashi.<br \/>\nSipas Granitit, qytetar\u00ebt nuk jan\u00eb t\u00eb informuar mjaftuesh\u00ebm p\u00ebr k\u00ebt\u00eb tematik\u00eb dhe sipas nj\u00eb hulumtimi q\u00eb ka b\u00ebr\u00eb organizata t\u00eb cil\u00ebn e p\u00ebrfaq\u00ebson ai, rreth 40% e qytetar\u00ebve kan\u00eb deklaruar se jan\u00eb t\u00eb shqet\u00ebsuar me ndryshimet klimatike q\u00eb po ndodhin edhe n\u00eb Kosov\u00eb.<\/p>\n","protected":false},"excerpt":{"rendered":"<p>Organizata jo-qeveritara \u2018Gaia Kosovo\u2019, n\u00eb bashk\u00ebpunim me organizat\u00ebn \u2018Let\u2019s do it Kosova\u2019, kan\u00eb organizuar nj\u00eb sesion informues mbi menaxhimin e mbeturinave n\u00eb Kosov\u00eb dhe ndryshimet klimatike q\u00eb po ndodhin n\u00eb Kosov\u00eb dhe bot\u00eb. Ky aktivitet do t\u00eb zhvillohet nes\u00ebr (19.06.19) duke filluar nga ora 18:00 n\u00eb ambientet organizat\u00ebs \u2018Let\u2019s Do it Kosova\u2019 n\u00eb Prishtin\u00eb. Nj\u00eb&hellip;<\/p>\n","protected":false},"author":3,"featured_media":48127,"comment_status":"closed","ping_status":"closed","sticky":false,"template":"","format":"standard","meta":{"_monsterinsights_skip_tracking":false,"_monsterinsights_sitenote_active":false,"_monsterinsights_sitenote_note":"","_monsterinsights_sitenote_category":0,"footnotes":""},"categories":[2],"tags":[],"class_list":["post-48126","post","type-post","status-publish","format-standard","has-post-thumbnail","hentry","category-news","category-2","description-off"],"_links":{"self":[{"href":"https:\/\/radiokfor.com\/1\/wp-json\/wp\/v2\/posts\/48126","targetHints":{"allow":["GET"]}}],"collection":[{"href":"https:\/\/radiokfor.com\/1\/wp-json\/wp\/v2\/posts"}],"about":[{"href":"https:\/\/radiokfor.com\/1\/wp-json\/wp\/v2\/types\/post"}],"author":[{"embeddable":true,"href":"https:\/\/radiokfor.com\/1\/wp-json\/wp\/v2\/users\/3"}],"replies":[{"embeddable":true,"href":"https:\/\/radiokfor.com\/1\/wp-json\/wp\/v2\/comments?post=48126"}],"version-history":[{"count":1,"href":"https:\/\/radiokfor.com\/1\/wp-json\/wp\/v2\/posts\/48126\/revisions"}],"predecessor-version":[{"id":48128,"href":"https:\/\/radiokfor.com\/1\/wp-json\/wp\/v2\/posts\/48126\/revisions\/48128"}],"wp:featuredmedia":[{"embeddable":true,"href":"https:\/\/radiokfor.com\/1\/wp-json\/wp\/v2\/media\/48127"}],"wp:attachment":[{"href":"https:\/\/radiokfor.com\/1\/wp-json\/wp\/v2\/media?parent=48126"}],"wp:term":[{"taxonomy":"category","embeddable":true,"href":"https:\/\/radiokfor.com\/1\/wp-json\/wp\/v2\/categories?post=48126"},{"taxonomy":"post_tag","embeddable":true,"href":"https:\/\/radiokfor.com\/1\/wp-json\/wp\/v2\/tags?post=48126"}],"curies":[{"name":"wp","href":"https:\/\/api.w.org\/{rel}","templated":true}]}}