{"id":48120,"date":"2019-06-18T09:02:52","date_gmt":"2019-06-18T09:02:52","guid":{"rendered":"http:\/\/radiokfor.com\/1\/?p=48120"},"modified":"2019-06-18T14:20:28","modified_gmt":"2019-06-18T14:20:28","slug":"vendosni-rripin-e-sigurise-dhe-behuni-gati-per-spektakel","status":"publish","type":"post","link":"https:\/\/radiokfor.com\/1\/vendosni-rripin-e-sigurise-dhe-behuni-gati-per-spektakel\/","title":{"rendered":"Vendosni rripin e siguris\u00eb dhe b\u00ebhuni gati p\u00ebr spektak\u00ebl"},"content":{"rendered":"<p>Se grat\u00eb\/vajzat jan\u00eb t\u00eb zonjat edhe n\u00eb vozitje, kjo do t\u00eb d\u00ebshmohet edhe n\u00eb gar\u00ebn m\u00eb t\u00eb madhe t\u00eb femrave me vetura &#8220;Auto Slalom\u201d, e cila do mbahet me 23 qershor, n\u00eb Prishtin\u00eb, organizuar nga \u2018Fask Kosova\u2019 dhe \u2018Eurogoma Racing Team\u2019.<\/p>\n<p>P\u00ebr q\u00ebllimin e realizimit t\u00eb k\u00ebsaj gare dhe p\u00ebr karakterin e saj, p\u00ebr Radio KFOR-in m\u00eb shum\u00eb na tregoi, Vjosa Selmani nga \u2018Eurogoma Racing Team\u2019:<\/p>\n<p><em>\u201cSlogani yn\u00eb p\u00ebr k\u00ebt\u00eb gar\u00eb \u00ebsht\u00eb #womenarepower, duke dasht\u00eb me i largu paragjykimet edhe stereotipet p\u00ebr femr\u00ebn n\u00eb timon. N\u00eb k\u00ebt\u00eb gar\u00eb mund t\u00eb marrin pjes\u00eb t\u00eb gjitha femrat me veturat e tyre individuale, me \u00e7\u2019rast do t\u00eb ballafaqohen me nj\u00eb shteg t\u00eb drejt\u00eb 500 m, me disa pengesa, por aspak i rreziksh\u00ebm\u201d,<\/em> tha znj. Selmani.<\/p>\n<p>N\u00eb k\u00ebt\u00eb gar\u00eb mund t\u00eb marrin pjes\u00eb t\u00eb gjitha grat\u00eb\/vajzat q\u00eb kan\u00eb patent shofer dhe q\u00eb e kan\u00eb vetur\u00ebn n\u00eb rregull tregoi znj. Selmani dhe shtoi se n\u00eb k\u00ebt\u00eb ngjarje do t\u00eb jen\u00eb t\u00eb pranishme personalitete t\u00eb shumta gra, t\u00eb cilat p\u00ebrfaq\u00ebsojn\u00eb femr\u00ebn e fuqishme, t\u00eb suksesshme dhe t\u00eb pavarur.<\/p>\n","protected":false},"excerpt":{"rendered":"<p>Se grat\u00eb\/vajzat jan\u00eb t\u00eb zonjat edhe n\u00eb vozitje, kjo do t\u00eb d\u00ebshmohet edhe n\u00eb gar\u00ebn m\u00eb t\u00eb madhe t\u00eb femrave me vetura &#8220;Auto Slalom\u201d, e cila do mbahet me 23 qershor, n\u00eb Prishtin\u00eb, organizuar nga \u2018Fask Kosova\u2019 dhe \u2018Eurogoma Racing Team\u2019. P\u00ebr q\u00ebllimin e realizimit t\u00eb k\u00ebsaj gare dhe p\u00ebr karakterin e saj, p\u00ebr Radio&hellip;<\/p>\n","protected":false},"author":3,"featured_media":48121,"comment_status":"closed","ping_status":"closed","sticky":false,"template":"","format":"standard","meta":{"_monsterinsights_skip_tracking":false,"_monsterinsights_sitenote_active":false,"_monsterinsights_sitenote_note":"","_monsterinsights_sitenote_category":0,"footnotes":""},"categories":[2],"tags":[],"class_list":["post-48120","post","type-post","status-publish","format-standard","has-post-thumbnail","hentry","category-news","category-2","description-off"],"_links":{"self":[{"href":"https:\/\/radiokfor.com\/1\/wp-json\/wp\/v2\/posts\/48120","targetHints":{"allow":["GET"]}}],"collection":[{"href":"https:\/\/radiokfor.com\/1\/wp-json\/wp\/v2\/posts"}],"about":[{"href":"https:\/\/radiokfor.com\/1\/wp-json\/wp\/v2\/types\/post"}],"author":[{"embeddable":true,"href":"https:\/\/radiokfor.com\/1\/wp-json\/wp\/v2\/users\/3"}],"replies":[{"embeddable":true,"href":"https:\/\/radiokfor.com\/1\/wp-json\/wp\/v2\/comments?post=48120"}],"version-history":[{"count":2,"href":"https:\/\/radiokfor.com\/1\/wp-json\/wp\/v2\/posts\/48120\/revisions"}],"predecessor-version":[{"id":48129,"href":"https:\/\/radiokfor.com\/1\/wp-json\/wp\/v2\/posts\/48120\/revisions\/48129"}],"wp:featuredmedia":[{"embeddable":true,"href":"https:\/\/radiokfor.com\/1\/wp-json\/wp\/v2\/media\/48121"}],"wp:attachment":[{"href":"https:\/\/radiokfor.com\/1\/wp-json\/wp\/v2\/media?parent=48120"}],"wp:term":[{"taxonomy":"category","embeddable":true,"href":"https:\/\/radiokfor.com\/1\/wp-json\/wp\/v2\/categories?post=48120"},{"taxonomy":"post_tag","embeddable":true,"href":"https:\/\/radiokfor.com\/1\/wp-json\/wp\/v2\/tags?post=48120"}],"curies":[{"name":"wp","href":"https:\/\/api.w.org\/{rel}","templated":true}]}}