{"id":48011,"date":"2019-06-10T10:23:17","date_gmt":"2019-06-10T10:23:17","guid":{"rendered":"http:\/\/radiokfor.com\/1\/?p=48011"},"modified":"2019-06-10T10:23:17","modified_gmt":"2019-06-10T10:23:17","slug":"sot-fillon-leximi-i-feminizmit-per-99","status":"publish","type":"post","link":"https:\/\/radiokfor.com\/1\/sot-fillon-leximi-i-feminizmit-per-99\/","title":{"rendered":"Sot fillon \u2018Leximi i feminizmit p\u00ebr 99%\u2019"},"content":{"rendered":"<p>Programi Universitar p\u00ebr Studime dhe Hulumtime Gjinore organizon \u2018Shkoll\u00ebn e 5-t\u00eb Verore Studime Krahasuese mbi Gjinin\u00eb dhe Seksualitetin\u2019, me tem\u00ebn \u2018Lexim i Feminizmit p\u00ebr 99% &#8211; Pabarazia, Avokimi, Privilegji\u2019.<br \/>\nKjo ngjarje mbahet nga data 10 deri m\u00eb 18 qershor, ku ftohen t\u00eb gjith\u00eb, si hulumtues, artist, aktivist, student dhe t\u00eb interesuarit, q\u00eb me an\u00eb t\u00eb seminareve, leximit dhe diskutimit, t\u00eb paramendojm\u00eb solidaritete t\u00eb reja n\u00eb koh\u00ebn e p\u00ebrplasjeve dhe krizava globale &#8211; rreth varf\u00ebris\u00eb, pun\u00ebs, ambientit dhe eksploatimit kapitalist.<\/p>\n<p>Antagonizmi kund\u00ebr barazis\u00eb gjinore dhe t\u00eb drejtave seksuale, i cili po shfaqet n\u00eb hap\u00ebsirat shoq\u00ebrore, politike, akademike, t\u00eb pun\u00ebs dhe t\u00eb sht\u00ebpis\u00eb, fton t\u00eb gjith\u00eb t\u00eb interesuarit p\u00ebr rimendim dhe rimobilizim t\u00eb lokalizuar dhe rrjet\u00ebzuar.<\/p>\n<p>P\u00ebr pjes\u00ebmarrje n\u00eb k\u00ebt\u00eb aktivitet, t\u00eb interesuarit duhet t\u00eb dor\u00ebzojn\u00eb kopjen e CV-s\u00eb dhe letr\u00ebn e tyre motivuese n\u00eb : upg@uni-pr.edu.<\/p>\n","protected":false},"excerpt":{"rendered":"<p>Programi Universitar p\u00ebr Studime dhe Hulumtime Gjinore organizon \u2018Shkoll\u00ebn e 5-t\u00eb Verore Studime Krahasuese mbi Gjinin\u00eb dhe Seksualitetin\u2019, me tem\u00ebn \u2018Lexim i Feminizmit p\u00ebr 99% &#8211; Pabarazia, Avokimi, Privilegji\u2019. Kjo ngjarje mbahet nga data 10 deri m\u00eb 18 qershor, ku ftohen t\u00eb gjith\u00eb, si hulumtues, artist, aktivist, student dhe t\u00eb interesuarit, q\u00eb me an\u00eb t\u00eb&hellip;<\/p>\n","protected":false},"author":3,"featured_media":48012,"comment_status":"closed","ping_status":"closed","sticky":false,"template":"","format":"standard","meta":{"_monsterinsights_skip_tracking":false,"_monsterinsights_sitenote_active":false,"_monsterinsights_sitenote_note":"","_monsterinsights_sitenote_category":0,"footnotes":""},"categories":[2],"tags":[],"class_list":["post-48011","post","type-post","status-publish","format-standard","has-post-thumbnail","hentry","category-news","category-2","description-off"],"_links":{"self":[{"href":"https:\/\/radiokfor.com\/1\/wp-json\/wp\/v2\/posts\/48011","targetHints":{"allow":["GET"]}}],"collection":[{"href":"https:\/\/radiokfor.com\/1\/wp-json\/wp\/v2\/posts"}],"about":[{"href":"https:\/\/radiokfor.com\/1\/wp-json\/wp\/v2\/types\/post"}],"author":[{"embeddable":true,"href":"https:\/\/radiokfor.com\/1\/wp-json\/wp\/v2\/users\/3"}],"replies":[{"embeddable":true,"href":"https:\/\/radiokfor.com\/1\/wp-json\/wp\/v2\/comments?post=48011"}],"version-history":[{"count":1,"href":"https:\/\/radiokfor.com\/1\/wp-json\/wp\/v2\/posts\/48011\/revisions"}],"predecessor-version":[{"id":48013,"href":"https:\/\/radiokfor.com\/1\/wp-json\/wp\/v2\/posts\/48011\/revisions\/48013"}],"wp:featuredmedia":[{"embeddable":true,"href":"https:\/\/radiokfor.com\/1\/wp-json\/wp\/v2\/media\/48012"}],"wp:attachment":[{"href":"https:\/\/radiokfor.com\/1\/wp-json\/wp\/v2\/media?parent=48011"}],"wp:term":[{"taxonomy":"category","embeddable":true,"href":"https:\/\/radiokfor.com\/1\/wp-json\/wp\/v2\/categories?post=48011"},{"taxonomy":"post_tag","embeddable":true,"href":"https:\/\/radiokfor.com\/1\/wp-json\/wp\/v2\/tags?post=48011"}],"curies":[{"name":"wp","href":"https:\/\/api.w.org\/{rel}","templated":true}]}}