{"id":47761,"date":"2019-05-17T09:08:13","date_gmt":"2019-05-17T09:08:13","guid":{"rendered":"http:\/\/radiokfor.com\/1\/?p=47761"},"modified":"2019-05-17T09:31:37","modified_gmt":"2019-05-17T09:31:37","slug":"aktivitete-gjitheditore-per-shenimin-e-dites-nderkombetare-te-muzeve","status":"publish","type":"post","link":"https:\/\/radiokfor.com\/1\/aktivitete-gjitheditore-per-shenimin-e-dites-nderkombetare-te-muzeve\/","title":{"rendered":"Aktivitete gjith\u00ebditore p\u00ebr sh\u00ebnimin e \u2018Dit\u00ebs Nd\u00ebrkomb\u00ebtare t\u00eb Muzeve\u2019"},"content":{"rendered":"<p>\u00c7do 18 maj, q\u00eb na viti 1977, i \u00ebsht\u00eb ndar\u00eb sh\u00ebnimit t\u00eb \u2018Dit\u00ebs Nd\u00ebrkomb\u00ebtare t\u00eb Muzeve\u2019. Tema e k\u00ebtij viti \u00ebsht\u00eb \u201cMuzet\u00eb si Qendra kulturore: E ardhmja e Tradit\u00ebs\u201d. \u00a0K\u00ebt\u00eb dat\u00eb, nj\u00eb dit\u00eb m\u00eb her\u00ebt po e sh\u00ebnon edhe Muzeu i Kosov\u00ebs. \u00cbsht\u00eb organizatorja e aktiviteteve n\u00eb Muzeun e Kosov\u00ebs, Znj. Dafina Morina, e cila p\u00ebr Radio KFOR-in, tregoi p\u00ebr agjend\u00ebn e pasur q\u00eb ka muzeu n\u00eb dit\u00ebn e sotme:<br \/>\n<em>\u00a0\u201cMuzeu Komb\u00ebtar i Kosov\u00ebs, n\u00eb bashk\u00ebpunim me Universitetin e Prishin\u00ebs, me deg\u00ebn e Antropologjis\u00eb dhe Etnologjis\u00eb k\u00ebt\u00eb vit ka vendosur q\u00eb ta sh\u00ebnoj \u2018Dit\u00ebn Nd\u00ebrkomb\u00ebtare t\u00eb Muzeve\u2019, me aktivitete t\u00eb ndryshme q\u00eb kan\u00eb p\u00ebr q\u00ebllim me i eduku f\u00ebmij\u00ebt p\u00ebr artin tradicional t\u00eb shprehur n\u00eb zeje t\u00eb ndryshme. Disa prej zejeve q\u00eb kan\u00eb p\u00ebrzgjedh\u00eb sot me u demonstru jan\u00eb po\u00e7aria, e gjithashtu pun\u00ebdore me vek edhe me grep e gjilp\u00ebr\u00eb. Do t\u00eb ket\u00eb zejtar\u00eb q\u00eb do t\u00eb demonstrojn\u00eb pun\u00ebn gjat\u00eb t\u00ebr\u00eb dit\u00ebs, por edhe f\u00ebmij\u00eb pjes\u00ebmarr\u00ebs dhe \u00e7do vizitor\u00eb tjet\u00ebr do t\u00eb ket\u00eb mund\u00ebsi me i pa se si kan\u00eb punu n\u00eb t\u00eb kaluar\u00ebn\u201d. <\/em><\/p>\n<p>P\u00ebrve\u00e7 zejeve, n\u00eb Muzeun e Kosov\u00ebs, do t\u00eb ket\u00eb edhe nj\u00eb laramani aktivitetetesh p\u00ebr t\u00eb gjitha moshat, ku nd\u00ebr t\u00eb tjera f\u00ebmij\u00ebt do t\u00eb ken\u00eb mund\u00ebsi t\u00eb m\u00ebsojn\u00eb p\u00ebr lokalitetet e ndryshme arkeologjike p\u00ebrmes loj\u00ebs puzzle si dhe p\u00ebr aktivitete reciklimi, si pjes\u00eb e r\u00ebnd\u00ebsishme e mjedisit.<\/p>\n","protected":false},"excerpt":{"rendered":"<p>\u00c7do 18 maj, q\u00eb na viti 1977, i \u00ebsht\u00eb ndar\u00eb sh\u00ebnimit t\u00eb \u2018Dit\u00ebs Nd\u00ebrkomb\u00ebtare t\u00eb Muzeve\u2019. Tema e k\u00ebtij viti \u00ebsht\u00eb \u201cMuzet\u00eb si Qendra kulturore: E ardhmja e Tradit\u00ebs\u201d. \u00a0K\u00ebt\u00eb dat\u00eb, nj\u00eb dit\u00eb m\u00eb her\u00ebt po e sh\u00ebnon edhe Muzeu i Kosov\u00ebs. \u00cbsht\u00eb organizatorja e aktiviteteve n\u00eb Muzeun e Kosov\u00ebs, Znj. Dafina Morina, e cila&hellip;<\/p>\n","protected":false},"author":3,"featured_media":47764,"comment_status":"closed","ping_status":"closed","sticky":false,"template":"","format":"standard","meta":{"_monsterinsights_skip_tracking":false,"_monsterinsights_sitenote_active":false,"_monsterinsights_sitenote_note":"","_monsterinsights_sitenote_category":0,"footnotes":""},"categories":[2],"tags":[],"class_list":["post-47761","post","type-post","status-publish","format-standard","has-post-thumbnail","hentry","category-news","category-2","description-off"],"_links":{"self":[{"href":"https:\/\/radiokfor.com\/1\/wp-json\/wp\/v2\/posts\/47761","targetHints":{"allow":["GET"]}}],"collection":[{"href":"https:\/\/radiokfor.com\/1\/wp-json\/wp\/v2\/posts"}],"about":[{"href":"https:\/\/radiokfor.com\/1\/wp-json\/wp\/v2\/types\/post"}],"author":[{"embeddable":true,"href":"https:\/\/radiokfor.com\/1\/wp-json\/wp\/v2\/users\/3"}],"replies":[{"embeddable":true,"href":"https:\/\/radiokfor.com\/1\/wp-json\/wp\/v2\/comments?post=47761"}],"version-history":[{"count":1,"href":"https:\/\/radiokfor.com\/1\/wp-json\/wp\/v2\/posts\/47761\/revisions"}],"predecessor-version":[{"id":47763,"href":"https:\/\/radiokfor.com\/1\/wp-json\/wp\/v2\/posts\/47761\/revisions\/47763"}],"wp:featuredmedia":[{"embeddable":true,"href":"https:\/\/radiokfor.com\/1\/wp-json\/wp\/v2\/media\/47764"}],"wp:attachment":[{"href":"https:\/\/radiokfor.com\/1\/wp-json\/wp\/v2\/media?parent=47761"}],"wp:term":[{"taxonomy":"category","embeddable":true,"href":"https:\/\/radiokfor.com\/1\/wp-json\/wp\/v2\/categories?post=47761"},{"taxonomy":"post_tag","embeddable":true,"href":"https:\/\/radiokfor.com\/1\/wp-json\/wp\/v2\/tags?post=47761"}],"curies":[{"name":"wp","href":"https:\/\/api.w.org\/{rel}","templated":true}]}}