{"id":47755,"date":"2019-05-17T08:43:47","date_gmt":"2019-05-17T08:43:47","guid":{"rendered":"http:\/\/radiokfor.com\/1\/?p=47755"},"modified":"2019-05-17T08:43:47","modified_gmt":"2019-05-17T08:43:47","slug":"gaia-kosovo-sjell-aktivitetin-e-radhes-per-te-gjitha-etnite-qe-jetojne-ne-kosove","status":"publish","type":"post","link":"https:\/\/radiokfor.com\/1\/gaia-kosovo-sjell-aktivitetin-e-radhes-per-te-gjitha-etnite-qe-jetojne-ne-kosove\/","title":{"rendered":"&#8216;Gaia Kosovo&#8217; sjell aktivitetin e radh\u00ebs p\u00ebr t\u00eb gjitha etnit\u00eb q\u00eb jetojn\u00eb n\u00eb Kosov\u00eb"},"content":{"rendered":"<p>N\u00eb vazhd\u00ebn e aktiviteteve t\u00eb nj\u00ebpasnj\u00ebshme q\u00eb \u2018Gaia Kosovo\u2019 po i realizon n\u00eb qytetin e Mitrovic\u00ebs, k\u00ebt\u00eb t\u00eb shtune t\u00eb 18 majit, n\u00eb Muzeun e k\u00ebtij qyteti, t\u00eb gjitha komunitetet q\u00eb jetojn\u00eb n\u00eb Kosov\u00eb, mund t\u00eb bashkohen p\u00ebr t\u00eb festuar diversitetin q\u00eb ka ky vend. Nga ora 15:00 e deri n\u00eb or\u00ebn 19:00, t\u00eb gjith\u00eb t\u00eb pranishmit do t\u00eb mblidhen n\u00eb artriumin e muzeut, nd\u00ebrsa n\u00eb or\u00ebn 16:00, grupi i vall\u00ebzimit do t\u00eb kryej koreografin\u00eb e fundit t\u00eb tregimit p\u00ebrmes valleve. Zyrtari n\u00eb organizat\u00ebn \u2018Gaia Kosovo\u2019, z. Gent Behramaj p\u00ebr Radio KFOR-in ofroi holl\u00ebsi nga kjo ngjarje multietnike, ku mes tjerash theksoi:<\/p>\n<p><em>\u201dPjes\u00eb e ngjarjes do t\u00eb jen\u00eb: Sofra p\u00ebr gatim t\u2019buk\u00ebs, gdhendja e drurit, pun\u00ebdore me k\u00ebrrabza, k\u00ebndi i muzik\u00ebs, i permakultur\u00ebs, stacioni i barishteve, multimedia dhe rr\u00ebfimet e Gaia-s\u00eb\u201d,<\/em> tha nd\u00ebr t\u00eb tjera z.Behramaj.<\/p>\n<p>Vlen n\u00ebnvizuar se kjo ngjarje \u00ebsht\u00eb pa pages\u00eb dhe financohet nga Bashkimi Evropian.<\/p>\n","protected":false},"excerpt":{"rendered":"<p>N\u00eb vazhd\u00ebn e aktiviteteve t\u00eb nj\u00ebpasnj\u00ebshme q\u00eb \u2018Gaia Kosovo\u2019 po i realizon n\u00eb qytetin e Mitrovic\u00ebs, k\u00ebt\u00eb t\u00eb shtune t\u00eb 18 majit, n\u00eb Muzeun e k\u00ebtij qyteti, t\u00eb gjitha komunitetet q\u00eb jetojn\u00eb n\u00eb Kosov\u00eb, mund t\u00eb bashkohen p\u00ebr t\u00eb festuar diversitetin q\u00eb ka ky vend. Nga ora 15:00 e deri n\u00eb or\u00ebn 19:00, t\u00eb gjith\u00eb&hellip;<\/p>\n","protected":false},"author":3,"featured_media":47756,"comment_status":"closed","ping_status":"closed","sticky":false,"template":"","format":"standard","meta":{"_monsterinsights_skip_tracking":false,"_monsterinsights_sitenote_active":false,"_monsterinsights_sitenote_note":"","_monsterinsights_sitenote_category":0,"footnotes":""},"categories":[2],"tags":[],"class_list":["post-47755","post","type-post","status-publish","format-standard","has-post-thumbnail","hentry","category-news","category-2","description-off"],"_links":{"self":[{"href":"https:\/\/radiokfor.com\/1\/wp-json\/wp\/v2\/posts\/47755","targetHints":{"allow":["GET"]}}],"collection":[{"href":"https:\/\/radiokfor.com\/1\/wp-json\/wp\/v2\/posts"}],"about":[{"href":"https:\/\/radiokfor.com\/1\/wp-json\/wp\/v2\/types\/post"}],"author":[{"embeddable":true,"href":"https:\/\/radiokfor.com\/1\/wp-json\/wp\/v2\/users\/3"}],"replies":[{"embeddable":true,"href":"https:\/\/radiokfor.com\/1\/wp-json\/wp\/v2\/comments?post=47755"}],"version-history":[{"count":1,"href":"https:\/\/radiokfor.com\/1\/wp-json\/wp\/v2\/posts\/47755\/revisions"}],"predecessor-version":[{"id":47757,"href":"https:\/\/radiokfor.com\/1\/wp-json\/wp\/v2\/posts\/47755\/revisions\/47757"}],"wp:featuredmedia":[{"embeddable":true,"href":"https:\/\/radiokfor.com\/1\/wp-json\/wp\/v2\/media\/47756"}],"wp:attachment":[{"href":"https:\/\/radiokfor.com\/1\/wp-json\/wp\/v2\/media?parent=47755"}],"wp:term":[{"taxonomy":"category","embeddable":true,"href":"https:\/\/radiokfor.com\/1\/wp-json\/wp\/v2\/categories?post=47755"},{"taxonomy":"post_tag","embeddable":true,"href":"https:\/\/radiokfor.com\/1\/wp-json\/wp\/v2\/tags?post=47755"}],"curies":[{"name":"wp","href":"https:\/\/api.w.org\/{rel}","templated":true}]}}