{"id":47719,"date":"2019-05-15T05:17:30","date_gmt":"2019-05-15T05:17:30","guid":{"rendered":"http:\/\/radiokfor.com\/1\/?p=47719"},"modified":"2019-05-15T10:19:06","modified_gmt":"2019-05-15T10:19:06","slug":"sot-shenohet-dita-nderkombetare-e-familjeve","status":"publish","type":"post","link":"https:\/\/radiokfor.com\/1\/sot-shenohet-dita-nderkombetare-e-familjeve\/","title":{"rendered":"Sot sh\u00ebnohet \u2018Dita nd\u00ebrkomb\u00ebtare e familjeve\u2019"},"content":{"rendered":"<p>\u00c7do vit \u2018Dita nd\u00ebrkomb\u00ebtare e familjeve\u2019, sh\u00ebnohet si nj\u00ebsi themelore e shoq\u00ebris\u00eb dhe kjo dit\u00eb shfryt\u00ebzohet p\u00ebr t\u00eb promovuar nd\u00ebrgjegj\u00ebsimin e \u00e7\u00ebshtjeve q\u00eb kan\u00eb t\u00eb b\u00ebjn\u00eb me familjet.<\/p>\n<p>P\u00ebr nder t\u00eb k\u00ebsaj dite, m\u00eb 15 maj organizohen aktivitete t\u00eb ndryshme, p\u00ebrfshir\u00eb konferenca dhe programe kulturore. Nj\u00eb nd\u00ebr aktivitetet q\u00eb po sh\u00ebnohet n\u00eb vendin ton\u00eb \u00ebsht\u00eb ekspozita e hapur dhe diskutimi p\u00ebr planifikim familjar, organizuar nga Rrjeti i Edukator\u00ebve Bashk\u00ebmoshatar\u00eb \u2013 PEN, n\u00eb kuad\u00ebr t\u00eb projektit \u201cP\u00ebrfshirja e Burrave n\u00eb At\u00ebsi\u201d. <em>Koordinator i projektit &#8220;P\u00ebrfshirja e burrave dhe grave n\u00eb barazi gjinore\u201d<\/em> n\u00eb PEN, z. Bledor Kalleci, foli p\u00ebr radio KFOR-in dhe tha se PEN ka pasur gjenerata t\u00eb shumta n\u00eb trajnimet e tyre dhe \u00ebsht\u00eb v\u00ebrejtur d\u00ebshira dhe entuziazmi tek ata p\u00ebr t\u00eb ndryshuar normat gjinore dhe seksizmin n\u00eb shoq\u00ebri:<\/p>\n<p><em>\u201cN\u00eb shoq\u00ebrin\u00eb kosovare ekzistojn\u00eb shum\u00eb sfida t\u00eb cilat ndikojn\u00eb n\u00eb zhvillimin dhe planifikimin familjar, e nj\u00ebra nd\u00ebr to \u00ebsht\u00eb papun\u00ebsia dhe kriza ekonomike, kur edhe dihet q\u00eb qeveria e Kosov\u00ebs nuk ndan subvencione p\u00ebr prind\u00ebrit q\u00eb kan\u00eb f\u00ebmij\u00eb.\u201d <\/em><\/p>\n<p>Kalleci po ashtu theksoi se prishja e ekuilibrit n\u00eb lejet prind\u00ebrore, ku grave u jepen vet\u00ebm 6 muaj pushim e burrave vet\u00ebm tre dit\u00eb, \u00ebsht\u00eb nj\u00eb faktor tjet\u00ebr q\u00eb ndikon keq n\u00eb planifikimin familjar dhe m\u00eb tej shtoi:<\/p>\n<p><em>\u201cArsyeja tjet\u00ebr \u00ebsht\u00eb edhe mungesa e informacioneve q\u00eb prind\u00ebrit e rinj kan\u00eb si pasoj\u00eb e jo trajnimeve apo kurseve q\u00eb shumica nuk i ndjekin\u201d, <\/em>tha koordinator i projektit z. Kalleci.<\/p>\n<p>Ekspozita n\u00eb fjal\u00eb do t\u00eb paraqes foto t\u00eb prind\u00ebrve, e sidomos baballar\u00ebve, t\u00eb angazhuar n\u00eb rritjen e f\u00ebmij\u00ebve dhe buz\u00ebqeshjet n\u00eb fytyrat e f\u00ebmij\u00ebve.<\/p>\n<p>Para ekspozit\u00ebs do t\u00eb organizohet edhe nj\u00eb debat me tem\u00ebn \u201cAngazhim i barabart\u00eb n\u00eb planifikim familjar\u201d, ku pjes\u00ebmarr\u00ebsit do t\u00eb ken\u00eb mund\u00ebsi q\u00eb t\u00eb diskutojn\u00eb me prind\u00ebr dhe me sociologen p\u00ebr planifikim familjar dhe sfidat n\u00eb rritje t\u00eb f\u00ebmij\u00ebve. Ekspozita dhe debati mbahet m\u00eb 15 maj, nga ora 10:00 e deri m\u00eb 15:00, n\u00eb Bibliotek\u00ebn Komb\u00ebtare t\u00eb Kosov\u00ebs \u201cPjet\u00ebr Bogdani\u201d n\u00eb Prishtin\u00eb. \u00a0Kjo ngjarje mb\u00ebshtetet nga UNFPA Kosovo &#8211; Fondi p\u00ebr Popullsi i Kombeve t\u00eb Bashkuara.<\/p>\n","protected":false},"excerpt":{"rendered":"<p>\u00c7do vit \u2018Dita nd\u00ebrkomb\u00ebtare e familjeve\u2019, sh\u00ebnohet si nj\u00ebsi themelore e shoq\u00ebris\u00eb dhe kjo dit\u00eb shfryt\u00ebzohet p\u00ebr t\u00eb promovuar nd\u00ebrgjegj\u00ebsimin e \u00e7\u00ebshtjeve q\u00eb kan\u00eb t\u00eb b\u00ebjn\u00eb me familjet. P\u00ebr nder t\u00eb k\u00ebsaj dite, m\u00eb 15 maj organizohen aktivitete t\u00eb ndryshme, p\u00ebrfshir\u00eb konferenca dhe programe kulturore. Nj\u00eb nd\u00ebr aktivitetet q\u00eb po sh\u00ebnohet n\u00eb vendin ton\u00eb \u00ebsht\u00eb&hellip;<\/p>\n","protected":false},"author":3,"featured_media":47720,"comment_status":"closed","ping_status":"closed","sticky":false,"template":"","format":"standard","meta":{"_monsterinsights_skip_tracking":false,"_monsterinsights_sitenote_active":false,"_monsterinsights_sitenote_note":"","_monsterinsights_sitenote_category":0,"footnotes":""},"categories":[2],"tags":[],"class_list":["post-47719","post","type-post","status-publish","format-standard","has-post-thumbnail","hentry","category-news","category-2","description-off"],"_links":{"self":[{"href":"https:\/\/radiokfor.com\/1\/wp-json\/wp\/v2\/posts\/47719","targetHints":{"allow":["GET"]}}],"collection":[{"href":"https:\/\/radiokfor.com\/1\/wp-json\/wp\/v2\/posts"}],"about":[{"href":"https:\/\/radiokfor.com\/1\/wp-json\/wp\/v2\/types\/post"}],"author":[{"embeddable":true,"href":"https:\/\/radiokfor.com\/1\/wp-json\/wp\/v2\/users\/3"}],"replies":[{"embeddable":true,"href":"https:\/\/radiokfor.com\/1\/wp-json\/wp\/v2\/comments?post=47719"}],"version-history":[{"count":1,"href":"https:\/\/radiokfor.com\/1\/wp-json\/wp\/v2\/posts\/47719\/revisions"}],"predecessor-version":[{"id":47721,"href":"https:\/\/radiokfor.com\/1\/wp-json\/wp\/v2\/posts\/47719\/revisions\/47721"}],"wp:featuredmedia":[{"embeddable":true,"href":"https:\/\/radiokfor.com\/1\/wp-json\/wp\/v2\/media\/47720"}],"wp:attachment":[{"href":"https:\/\/radiokfor.com\/1\/wp-json\/wp\/v2\/media?parent=47719"}],"wp:term":[{"taxonomy":"category","embeddable":true,"href":"https:\/\/radiokfor.com\/1\/wp-json\/wp\/v2\/categories?post=47719"},{"taxonomy":"post_tag","embeddable":true,"href":"https:\/\/radiokfor.com\/1\/wp-json\/wp\/v2\/tags?post=47719"}],"curies":[{"name":"wp","href":"https:\/\/api.w.org\/{rel}","templated":true}]}}