{"id":47640,"date":"2019-05-08T09:50:40","date_gmt":"2019-05-08T09:50:40","guid":{"rendered":"http:\/\/radiokfor.com\/1\/?p=47640"},"modified":"2019-05-08T09:50:40","modified_gmt":"2019-05-08T09:50:40","slug":"hapet-konkurs-per-vullnetare-miredita-dobar-dan","status":"publish","type":"post","link":"https:\/\/radiokfor.com\/1\/hapet-konkurs-per-vullnetare-miredita-dobar-dan\/","title":{"rendered":"Hapet konkurs p\u00ebr vullnetar\u00eb \u201cMir\u00ebdita, dobar dan!\u201d"},"content":{"rendered":"<p>Festivali \u201cMir\u00ebdita, dobar dan!\u201d, ka hapur konkursin p\u00ebr vullnetar\u00eb q\u00eb d\u00ebshirojn\u00eb t\u00eb jen\u00eb pjes\u00eb e festivalit t\u00eb p\u00ebrbashk\u00ebt shqiptaro-serb.<\/p>\n<p>Ky festival \u00ebsht\u00eb nj\u00eb ngjarje unike q\u00eb p\u00ebrfaq\u00ebson sken\u00ebn kulturore dhe shoq\u00ebrore t\u00eb Kosov\u00ebs p\u00ebr audienc\u00ebn e Beogradit, q\u00eb nga viti 2014, nd\u00ebrsa k\u00ebt\u00eb vit do t\u00eb mbahet nga data 29 maj deri m\u00eb 1 qershor.<\/p>\n<p>P\u00ebrmes prezantimit t\u00eb shfaqjeve artistike, p\u00ebrfaq\u00ebsues t\u00eb sken\u00ebs kulturore bashk\u00ebkohore t\u00eb Kosov\u00ebs, m\u00ebtojn\u00eb\u00a0 t\u00eb iniciojn\u00eb ndryshimet e komuniteteve sociale dhe kulturore t\u00eb Serbis\u00eb dhe Kosov\u00ebs dhe t\u00eb krijojn\u00eb nj\u00eb tradit\u00eb bashk\u00ebpunimi, e cila do t\u00eb kontribuoj n\u00eb normalizimin e p\u00ebrhersh\u00ebm t\u00eb marr\u00ebdh\u00ebnieve midis Beogradit dhe Prishtin\u00ebs. Nisma e t\u00eb Rinjve p\u00ebr t\u00eb Drejtat e Njeriut, fton t\u00eb interesuarit q\u00eb t\u00eb jen\u00eb pjes\u00eb e festivalit\u00a0 t\u00eb gjasht\u00eb me radh\u00eb \u201cMir\u00ebdita, dobar dan!\u201d, i cili do t\u00eb mbahet n\u00eb Beograd.<\/p>\n<p>Afati i fundit p\u00ebr aplikim \u00ebsht\u00eb data 17 maj 2019, nd\u00ebrsa p\u00ebr \u00e7do informacion tjet\u00ebr ju mund t\u00eb njoftoheni edhe n\u00ebp\u00ebrmjet faqes zyrtare n\u00eb facebook <a href=\"https:\/\/www.facebook.com\/mireditadobardan\/\">https:\/\/www.facebook.com\/mireditadobardan\/<\/a> ose e-mail adres\u00ebs <a href=\"mailto:uro@yihr.orsg\">uro@yihr.orsg<\/a>.<\/p>\n","protected":false},"excerpt":{"rendered":"<p>Festivali \u201cMir\u00ebdita, dobar dan!\u201d, ka hapur konkursin p\u00ebr vullnetar\u00eb q\u00eb d\u00ebshirojn\u00eb t\u00eb jen\u00eb pjes\u00eb e festivalit t\u00eb p\u00ebrbashk\u00ebt shqiptaro-serb. Ky festival \u00ebsht\u00eb nj\u00eb ngjarje unike q\u00eb p\u00ebrfaq\u00ebson sken\u00ebn kulturore dhe shoq\u00ebrore t\u00eb Kosov\u00ebs p\u00ebr audienc\u00ebn e Beogradit, q\u00eb nga viti 2014, nd\u00ebrsa k\u00ebt\u00eb vit do t\u00eb mbahet nga data 29 maj deri m\u00eb 1 qershor.&hellip;<\/p>\n","protected":false},"author":3,"featured_media":47641,"comment_status":"closed","ping_status":"closed","sticky":false,"template":"","format":"standard","meta":{"_monsterinsights_skip_tracking":false,"_monsterinsights_sitenote_active":false,"_monsterinsights_sitenote_note":"","_monsterinsights_sitenote_category":0,"footnotes":""},"categories":[2],"tags":[],"class_list":["post-47640","post","type-post","status-publish","format-standard","has-post-thumbnail","hentry","category-news","category-2","description-off"],"_links":{"self":[{"href":"https:\/\/radiokfor.com\/1\/wp-json\/wp\/v2\/posts\/47640","targetHints":{"allow":["GET"]}}],"collection":[{"href":"https:\/\/radiokfor.com\/1\/wp-json\/wp\/v2\/posts"}],"about":[{"href":"https:\/\/radiokfor.com\/1\/wp-json\/wp\/v2\/types\/post"}],"author":[{"embeddable":true,"href":"https:\/\/radiokfor.com\/1\/wp-json\/wp\/v2\/users\/3"}],"replies":[{"embeddable":true,"href":"https:\/\/radiokfor.com\/1\/wp-json\/wp\/v2\/comments?post=47640"}],"version-history":[{"count":1,"href":"https:\/\/radiokfor.com\/1\/wp-json\/wp\/v2\/posts\/47640\/revisions"}],"predecessor-version":[{"id":47642,"href":"https:\/\/radiokfor.com\/1\/wp-json\/wp\/v2\/posts\/47640\/revisions\/47642"}],"wp:featuredmedia":[{"embeddable":true,"href":"https:\/\/radiokfor.com\/1\/wp-json\/wp\/v2\/media\/47641"}],"wp:attachment":[{"href":"https:\/\/radiokfor.com\/1\/wp-json\/wp\/v2\/media?parent=47640"}],"wp:term":[{"taxonomy":"category","embeddable":true,"href":"https:\/\/radiokfor.com\/1\/wp-json\/wp\/v2\/categories?post=47640"},{"taxonomy":"post_tag","embeddable":true,"href":"https:\/\/radiokfor.com\/1\/wp-json\/wp\/v2\/tags?post=47640"}],"curies":[{"name":"wp","href":"https:\/\/api.w.org\/{rel}","templated":true}]}}