{"id":47637,"date":"2019-05-08T09:47:07","date_gmt":"2019-05-08T09:47:07","guid":{"rendered":"http:\/\/radiokfor.com\/1\/?p=47637"},"modified":"2019-05-08T09:47:07","modified_gmt":"2019-05-08T09:47:07","slug":"takim-i-hapur-sot-ne-termokiss","status":"publish","type":"post","link":"https:\/\/radiokfor.com\/1\/takim-i-hapur-sot-ne-termokiss\/","title":{"rendered":"Takim i hapur sot n\u00eb Termokiss"},"content":{"rendered":"<p>Qendra e drejtuar nga komuniteti n\u00eb Prishtin\u00eb, me mision k\u00ebmbimin urban dhe civil, reflektimin dhe ndryshimin \u201cTermokiss\u201d, tash e nj\u00eb koh\u00eb t\u00eb gjat\u00eb \u00ebsht\u00eb duke i sh\u00ebrbyer Prishtin\u00ebs p\u00ebr realizim t\u00eb \u00a0aktiviteteve t\u00eb ndryshme.<\/p>\n<p>Se si funksionon kjo qend\u00ebr, si \u00ebsht\u00eb krijuar ajo, cilat aktivitete jan\u00eb organizuar n\u00eb t\u00eb, Termokiss ju fton t\u00eb gjith\u00ebve, sot (08.05.19), n\u00eb ora 16:00, q\u00eb ndryshe nga herave t\u00eb tjera, t\u00eb shihni nga af\u00ebr pun\u00ebn q\u00eb t\u00eb rinia e b\u00ebjn\u00eb n\u00eb k\u00ebt\u00eb qend\u00ebr. T\u00eb gjith\u00eb jan\u00eb t\u00eb ftuar t\u00eb b\u00ebhen pjes\u00eb e organizimeve q\u00eb realizohen n\u00eb k\u00ebt\u00eb hapsir\u00eb dhe pse jo t\u00eb b\u00ebhen an\u00ebtar\u00eb t\u00eb saj p\u00ebrmes realizimit t\u00eb ideve t\u00eb ndryshme kreative, t\u00eb cilat mund t\u00eb jet\u00ebsohen n\u00eb praktik\u00eb.<\/p>\n<p>Organizator\u00ebt pohojn\u00eb se tashm\u00eb jan\u00eb hapur dyert dhe zemrat p\u00ebr t\u00eb punuar rreth nj\u00eb vizioni t\u00eb p\u00ebrbashk\u00ebt.<\/p>\n","protected":false},"excerpt":{"rendered":"<p>Qendra e drejtuar nga komuniteti n\u00eb Prishtin\u00eb, me mision k\u00ebmbimin urban dhe civil, reflektimin dhe ndryshimin \u201cTermokiss\u201d, tash e nj\u00eb koh\u00eb t\u00eb gjat\u00eb \u00ebsht\u00eb duke i sh\u00ebrbyer Prishtin\u00ebs p\u00ebr realizim t\u00eb \u00a0aktiviteteve t\u00eb ndryshme. Se si funksionon kjo qend\u00ebr, si \u00ebsht\u00eb krijuar ajo, cilat aktivitete jan\u00eb organizuar n\u00eb t\u00eb, Termokiss ju fton t\u00eb gjith\u00ebve, sot&hellip;<\/p>\n","protected":false},"author":3,"featured_media":47638,"comment_status":"closed","ping_status":"closed","sticky":false,"template":"","format":"standard","meta":{"_monsterinsights_skip_tracking":false,"_monsterinsights_sitenote_active":false,"_monsterinsights_sitenote_note":"","_monsterinsights_sitenote_category":0,"footnotes":""},"categories":[2],"tags":[],"class_list":["post-47637","post","type-post","status-publish","format-standard","has-post-thumbnail","hentry","category-news","category-2","description-off"],"_links":{"self":[{"href":"https:\/\/radiokfor.com\/1\/wp-json\/wp\/v2\/posts\/47637","targetHints":{"allow":["GET"]}}],"collection":[{"href":"https:\/\/radiokfor.com\/1\/wp-json\/wp\/v2\/posts"}],"about":[{"href":"https:\/\/radiokfor.com\/1\/wp-json\/wp\/v2\/types\/post"}],"author":[{"embeddable":true,"href":"https:\/\/radiokfor.com\/1\/wp-json\/wp\/v2\/users\/3"}],"replies":[{"embeddable":true,"href":"https:\/\/radiokfor.com\/1\/wp-json\/wp\/v2\/comments?post=47637"}],"version-history":[{"count":1,"href":"https:\/\/radiokfor.com\/1\/wp-json\/wp\/v2\/posts\/47637\/revisions"}],"predecessor-version":[{"id":47639,"href":"https:\/\/radiokfor.com\/1\/wp-json\/wp\/v2\/posts\/47637\/revisions\/47639"}],"wp:featuredmedia":[{"embeddable":true,"href":"https:\/\/radiokfor.com\/1\/wp-json\/wp\/v2\/media\/47638"}],"wp:attachment":[{"href":"https:\/\/radiokfor.com\/1\/wp-json\/wp\/v2\/media?parent=47637"}],"wp:term":[{"taxonomy":"category","embeddable":true,"href":"https:\/\/radiokfor.com\/1\/wp-json\/wp\/v2\/categories?post=47637"},{"taxonomy":"post_tag","embeddable":true,"href":"https:\/\/radiokfor.com\/1\/wp-json\/wp\/v2\/tags?post=47637"}],"curies":[{"name":"wp","href":"https:\/\/api.w.org\/{rel}","templated":true}]}}