{"id":47634,"date":"2019-05-08T05:14:28","date_gmt":"2019-05-08T05:14:28","guid":{"rendered":"http:\/\/radiokfor.com\/1\/?p=47634"},"modified":"2019-05-07T13:16:35","modified_gmt":"2019-05-07T13:16:35","slug":"me-shume-aktivitete-kosova-sot-po-shenon-diten-e-kryqit-te-kuq","status":"publish","type":"post","link":"https:\/\/radiokfor.com\/1\/me-shume-aktivitete-kosova-sot-po-shenon-diten-e-kryqit-te-kuq\/","title":{"rendered":"Me shum\u00eb aktivitete Kosova sot po sh\u00ebnon \u2018Dit\u00ebn e Kryqit t\u00eb Kuq\u2019"},"content":{"rendered":"<p>Data e sotme 8 Maj, sh\u00ebnon \u2018Dit\u00ebn Bot\u00ebrore t\u00eb Kryqit t\u00eb Kuq dhe Gjysm\u00ebh\u00ebn\u00ebs s\u00eb Kuqe\u2019. Kjo dit\u00eb n\u00eb Kosov\u00eb, do t\u00eb sh\u00ebnohet me aktivitete t\u00eb cilat organizaohet nga Kryqi i Kuq i Kosov\u00ebs. P\u00ebr k\u00ebto aktivitete na njoftoi edhe asistenti p\u00ebr media p\u00ebr marr\u00ebdh\u00ebnie me publik nga Kryqi i Kuq, Armend Shala:<\/p>\n<p><em>\u201cDita e 8 majit ose Dita Nd\u00ebrkomb\u00ebtare e Kryqit t\u00eb Kuq do t\u00eb sh\u00ebnohet edhe n\u00eb Kosov\u00eb, kryesisht do t\u00eb sh\u00ebnohet me dy aktivitete kryesore: Aktiviteti i par\u00eb i cili zhvillohet n\u00eb shtat\u00eb regjione t\u00eb Kosov\u00ebs, q\u00eb jan\u00eb garat e ndihm\u00ebs s\u00eb par\u00eb n\u00eb nivel regjional, ku para nj\u00eb jav\u00eb kan\u00eb p\u00ebrfunduar garat e ndihm\u00ebs s\u00eb par\u00eb n\u00eb nivel lokal e tani jan\u00eb n\u00eb nivel regjional dhe do t\u00eb mbahen nga ora 12:00, n\u00eb Prishtin\u00eb mbahet n\u00eb sheshin \u201cZahir Pajaziti\u201d, nd\u00ebrsa n\u00eb mbr\u00ebmje do t\u00eb ket\u00eb nj\u00eb manifestim qendror me t\u00eb ftuar prej nivelit qeveritar, korit diplomatik e t\u00eb tjer\u00ebve duke filluar nga ora 19:00\u201d. <\/em><\/p>\n<p>P\u00ebr d\u00ebgjuesit e Radio KFOR-it, asistenti p\u00ebr media p\u00ebr marr\u00ebdh\u00ebnie me publik nga Kryqi i Kuqi Kosov\u00ebs, Armend Shala, tregoi se pse pik\u00ebrisht kjo dat\u00eb, i \u00ebsht\u00eb ndar\u00eb sh\u00ebnimit t\u00eb Dit\u00ebs s\u00eb <em>Kryqit t\u00eb Kuq:<\/em><\/p>\n<p><em>\u201c8 maji \u00ebsht\u00eb Dita Nd\u00ebrkomb\u00ebtrae e L\u00ebvizj\u00ebs s\u00eb Kryqit t\u00eb Kuq dhe Gjysm\u00ebh\u00ebn\u00ebs s\u00eb Kuqe, levizje e cila ka lindur n\u00eb vitin \u00a01963 \u00a0dhe \u00ebsht\u00eb themeluar nga zvicerani, Henri Dunant. Dita e 8 Majit, \u00ebsht\u00eb dit\u00eb nd\u00ebrkomb\u00ebtare edhe p\u00ebr arsye se \u00ebsht\u00eb edhe dit\u00eblindja e personit n\u00eb fjal\u00eb, k\u00ebshtu q\u00eb kjo dit\u00eb \u00ebsht\u00eb caktuar p\u00ebr nder t\u00eb z. Dunant. \u00a0Deri tani n\u00eb bot\u00eb ekzistojn\u00eb mbi 190 shoqata \u00a0komb\u00ebtare t\u00eb Kryqit t\u00eb Kuq dhe Gjysm\u00ebh\u00ebn\u00ebs s\u00eb Kuqe, \u00a0nj\u00eb nd\u00ebr to \u00ebsht\u00eb edhe Kryqi i Kuq i Kosov\u00ebs q\u00eb e shtrin\u00eb aktivtetin e\u00a0 saj n\u00eb t\u00ebr\u00eb territorin e Kosov\u00ebs, duke p\u00ebrfshir\u00eb aktivitete n\u00eb progrmet e saj t\u00eb cilat jan\u00eb: sh\u00ebndet\u00ebsia, mir\u00ebqenia sociale, rinia , menaxhimi i fatkeq\u00ebsive, sh\u00ebrbimi i k\u00ebrkimit dhe komunikimi\u201d,<\/em> p\u00ebrfundoi z. Shala.<\/p>\n","protected":false},"excerpt":{"rendered":"<p>Data e sotme 8 Maj, sh\u00ebnon \u2018Dit\u00ebn Bot\u00ebrore t\u00eb Kryqit t\u00eb Kuq dhe Gjysm\u00ebh\u00ebn\u00ebs s\u00eb Kuqe\u2019. Kjo dit\u00eb n\u00eb Kosov\u00eb, do t\u00eb sh\u00ebnohet me aktivitete t\u00eb cilat organizaohet nga Kryqi i Kuq i Kosov\u00ebs. P\u00ebr k\u00ebto aktivitete na njoftoi edhe asistenti p\u00ebr media p\u00ebr marr\u00ebdh\u00ebnie me publik nga Kryqi i Kuq, Armend Shala: \u201cDita e&hellip;<\/p>\n","protected":false},"author":3,"featured_media":47635,"comment_status":"closed","ping_status":"closed","sticky":false,"template":"","format":"standard","meta":{"_monsterinsights_skip_tracking":false,"_monsterinsights_sitenote_active":false,"_monsterinsights_sitenote_note":"","_monsterinsights_sitenote_category":0,"footnotes":""},"categories":[2],"tags":[],"class_list":["post-47634","post","type-post","status-publish","format-standard","has-post-thumbnail","hentry","category-news","category-2","description-off"],"_links":{"self":[{"href":"https:\/\/radiokfor.com\/1\/wp-json\/wp\/v2\/posts\/47634","targetHints":{"allow":["GET"]}}],"collection":[{"href":"https:\/\/radiokfor.com\/1\/wp-json\/wp\/v2\/posts"}],"about":[{"href":"https:\/\/radiokfor.com\/1\/wp-json\/wp\/v2\/types\/post"}],"author":[{"embeddable":true,"href":"https:\/\/radiokfor.com\/1\/wp-json\/wp\/v2\/users\/3"}],"replies":[{"embeddable":true,"href":"https:\/\/radiokfor.com\/1\/wp-json\/wp\/v2\/comments?post=47634"}],"version-history":[{"count":1,"href":"https:\/\/radiokfor.com\/1\/wp-json\/wp\/v2\/posts\/47634\/revisions"}],"predecessor-version":[{"id":47636,"href":"https:\/\/radiokfor.com\/1\/wp-json\/wp\/v2\/posts\/47634\/revisions\/47636"}],"wp:featuredmedia":[{"embeddable":true,"href":"https:\/\/radiokfor.com\/1\/wp-json\/wp\/v2\/media\/47635"}],"wp:attachment":[{"href":"https:\/\/radiokfor.com\/1\/wp-json\/wp\/v2\/media?parent=47634"}],"wp:term":[{"taxonomy":"category","embeddable":true,"href":"https:\/\/radiokfor.com\/1\/wp-json\/wp\/v2\/categories?post=47634"},{"taxonomy":"post_tag","embeddable":true,"href":"https:\/\/radiokfor.com\/1\/wp-json\/wp\/v2\/tags?post=47634"}],"curies":[{"name":"wp","href":"https:\/\/api.w.org\/{rel}","templated":true}]}}