{"id":47628,"date":"2019-05-07T12:41:14","date_gmt":"2019-05-07T12:41:14","guid":{"rendered":"http:\/\/radiokfor.com\/1\/?p=47628"},"modified":"2019-05-07T12:41:14","modified_gmt":"2019-05-07T12:41:14","slug":"hapet-aplikim-per-muzicientet-e-rinj-te-garave-nderkombetare-arskosova","status":"publish","type":"post","link":"https:\/\/radiokfor.com\/1\/hapet-aplikim-per-muzicientet-e-rinj-te-garave-nderkombetare-arskosova\/","title":{"rendered":"Hapet aplikim p\u00ebr muzicient\u00ebt e rinj t\u00eb garave nd\u00ebrkomb\u00ebtare \u2018ArsKosova\u2019"},"content":{"rendered":"<p>Tashm\u00eb \u00ebsht\u00eb hapur aplikimi p\u00ebr garat nd\u00ebrkomb\u00ebtare t\u00eb muzicient\u00ebve t\u00eb rinj \u2018ArsKosova 2019\u2019, t\u00eb organizuara nga Fondacioni ArsKosova.<\/p>\n<p>Kjo gar\u00eb e cila \u00ebsht\u00eb nj\u00eb nd\u00ebr garat m\u00eb t\u00eb r\u00ebnd\u00ebsishme n\u00eb Kosov\u00eb p\u00ebr t\u00eb apasionuarit pas muzik\u00ebs, do t\u00eb mbahet n\u00eb Prishtin\u00eb duke filluar nga data 1 deri m\u00eb 3 qershor .<\/p>\n<p>N\u00eb k\u00ebt\u00eb edicion t\u00eb garave, i 15-ti me radh\u00eb, do t\u00eb garohet n\u00eb 19 disiplina ku p\u00ebrfshihen: Violin\u00eb, Viol\u00eb, Violon\u00e7ello, Kontrabas, Kitar\u00eb, Piano, Flaut, Klarinet\u00eb, Bas Klarinet\u00eb, Saksofon, Fagot, Oboa, Tromp\u00eb, Trombon, Korna, Tub\u00eb, Muzik\u00eb Dhome(Kamertale), Solok\u00ebndim dhe Solfezh.\u00a0 T\u00eb interesuarit mund t\u00eb aplikojn\u00eb p\u00ebr t\u00eb hyr\u00eb n\u00eb gar\u00eb n\u00eb adres\u00ebn e m\u00ebposhtme dhe gjithashtu t\u00eb zbulojn\u00eb m\u00eb shum\u00eb detaje rreth festivalit duke klikuar n\u00eb k\u00ebt\u00eb vegz\u00eb: <a href=\"https:\/\/issuu.com\/arskosovafoundation\/docs\/informatat_e_garave_2019.docx\">https:\/\/issuu.com\/arskosovafoundation\/docs\/informatat_e_garave_2019.docx<\/a><\/p>\n<p><strong>\u00a0<\/strong><\/p>\n","protected":false},"excerpt":{"rendered":"<p>Tashm\u00eb \u00ebsht\u00eb hapur aplikimi p\u00ebr garat nd\u00ebrkomb\u00ebtare t\u00eb muzicient\u00ebve t\u00eb rinj \u2018ArsKosova 2019\u2019, t\u00eb organizuara nga Fondacioni ArsKosova. Kjo gar\u00eb e cila \u00ebsht\u00eb nj\u00eb nd\u00ebr garat m\u00eb t\u00eb r\u00ebnd\u00ebsishme n\u00eb Kosov\u00eb p\u00ebr t\u00eb apasionuarit pas muzik\u00ebs, do t\u00eb mbahet n\u00eb Prishtin\u00eb duke filluar nga data 1 deri m\u00eb 3 qershor . N\u00eb k\u00ebt\u00eb edicion t\u00eb&hellip;<\/p>\n","protected":false},"author":4,"featured_media":47629,"comment_status":"closed","ping_status":"closed","sticky":false,"template":"","format":"standard","meta":{"_monsterinsights_skip_tracking":false,"_monsterinsights_sitenote_active":false,"_monsterinsights_sitenote_note":"","_monsterinsights_sitenote_category":0,"footnotes":""},"categories":[2],"tags":[],"class_list":["post-47628","post","type-post","status-publish","format-standard","has-post-thumbnail","hentry","category-news","category-2","description-off"],"_links":{"self":[{"href":"https:\/\/radiokfor.com\/1\/wp-json\/wp\/v2\/posts\/47628","targetHints":{"allow":["GET"]}}],"collection":[{"href":"https:\/\/radiokfor.com\/1\/wp-json\/wp\/v2\/posts"}],"about":[{"href":"https:\/\/radiokfor.com\/1\/wp-json\/wp\/v2\/types\/post"}],"author":[{"embeddable":true,"href":"https:\/\/radiokfor.com\/1\/wp-json\/wp\/v2\/users\/4"}],"replies":[{"embeddable":true,"href":"https:\/\/radiokfor.com\/1\/wp-json\/wp\/v2\/comments?post=47628"}],"version-history":[{"count":1,"href":"https:\/\/radiokfor.com\/1\/wp-json\/wp\/v2\/posts\/47628\/revisions"}],"predecessor-version":[{"id":47630,"href":"https:\/\/radiokfor.com\/1\/wp-json\/wp\/v2\/posts\/47628\/revisions\/47630"}],"wp:featuredmedia":[{"embeddable":true,"href":"https:\/\/radiokfor.com\/1\/wp-json\/wp\/v2\/media\/47629"}],"wp:attachment":[{"href":"https:\/\/radiokfor.com\/1\/wp-json\/wp\/v2\/media?parent=47628"}],"wp:term":[{"taxonomy":"category","embeddable":true,"href":"https:\/\/radiokfor.com\/1\/wp-json\/wp\/v2\/categories?post=47628"},{"taxonomy":"post_tag","embeddable":true,"href":"https:\/\/radiokfor.com\/1\/wp-json\/wp\/v2\/tags?post=47628"}],"curies":[{"name":"wp","href":"https:\/\/api.w.org\/{rel}","templated":true}]}}