{"id":47625,"date":"2019-05-07T08:07:05","date_gmt":"2019-05-07T08:07:05","guid":{"rendered":"http:\/\/radiokfor.com\/1\/?p=47625"},"modified":"2019-05-07T08:07:05","modified_gmt":"2019-05-07T08:07:05","slug":"thirrje-per-aplikim-per-fuqizimin-e-rinise-ne-pikepamje","status":"publish","type":"post","link":"https:\/\/radiokfor.com\/1\/thirrje-per-aplikim-per-fuqizimin-e-rinise-ne-pikepamje\/","title":{"rendered":"Thirrje p\u00ebr aplikim p\u00ebr fuqizimin e rinis\u00eb n\u00eb \u201cPik\u00ebpamje\u201d"},"content":{"rendered":"<p>Fondacioni \u201cShtat\u00ebmb\u00ebdhjet\u00eb\u201d ka hapur thirrje p\u00ebr aplikim, p\u00ebr t\u00eb gjith\u00eb t\u00eb interesuarit q\u00eb d\u00ebshirojn\u00eb t\u00eb b\u00ebhen pjes\u00eb e pun\u00ebtorive n\u00eb kuad\u00ebr t\u00eb projektit \u201cPik\u00ebpamja\u201d (Point of View), q\u00eb do t\u00eb organizohen p\u00ebrgjat\u00eb k\u00ebtij viti. N\u00eb k\u00ebto pun\u00ebtori do t\u00eb ofrohen mund\u00ebsi m\u00eb shum\u00eb p\u00ebr t\u2019i kanalizuar mendimet rreth \u00e7\u00ebshtjeve q\u00eb na preokupojn\u00eb, t\u00eb gjejm\u00eb forma se si t\u00eb reagojm\u00eb ndaj tyre dhe po ashtu t\u00eb zhvillojm\u00eb nj\u00eb form\u00eb kritike t\u00eb t\u00eb menduarit.<\/p>\n<p>Udh\u00ebheq\u00ebs t\u00eb k\u00ebtyre pun\u00ebtorive do t\u00eb jen\u00eb\u00a0 njoh\u00ebs t\u00eb fushave t\u00eb ndryshme, t\u00eb cil\u00ebt do t\u00eb trajtojn\u00eb tema sociale p\u00ebr barazi gjinore, t\u00eb drejtat e njeriut, p\u00ebrfshirjen sociale dhe \u00e7\u00ebshtje t\u00eb caktuara q\u00eb kan\u00eb t\u00eb b\u00ebjn\u00eb me fuqizimin e rinis\u00eb.<\/p>\n<p>T\u00eb drejt\u00eb aplikimi p\u00ebr k\u00ebto pun\u00ebtori kan\u00eb t\u00eb rinj t\u00eb t\u00eb gjitha etniteteve q\u00eb jetojn\u00eb n\u00eb Kosove, nga mosha 16 deri n\u00eb 24 vje\u00e7are dhe mund t\u00eb aplikoni deri m\u00eb 15 maj , p\u00ebmes k\u00ebsaj adrese elektronike: \u00a0<a href=\"https:\/\/forms.gle\/Pj5QHfcyvfbQFWZN8\">https:\/\/forms.gle\/Pj5QHfcyvfbQFWZN8<\/a><\/p>\n","protected":false},"excerpt":{"rendered":"<p>Fondacioni \u201cShtat\u00ebmb\u00ebdhjet\u00eb\u201d ka hapur thirrje p\u00ebr aplikim, p\u00ebr t\u00eb gjith\u00eb t\u00eb interesuarit q\u00eb d\u00ebshirojn\u00eb t\u00eb b\u00ebhen pjes\u00eb e pun\u00ebtorive n\u00eb kuad\u00ebr t\u00eb projektit \u201cPik\u00ebpamja\u201d (Point of View), q\u00eb do t\u00eb organizohen p\u00ebrgjat\u00eb k\u00ebtij viti. N\u00eb k\u00ebto pun\u00ebtori do t\u00eb ofrohen mund\u00ebsi m\u00eb shum\u00eb p\u00ebr t\u2019i kanalizuar mendimet rreth \u00e7\u00ebshtjeve q\u00eb na preokupojn\u00eb, t\u00eb gjejm\u00eb forma&hellip;<\/p>\n","protected":false},"author":3,"featured_media":47626,"comment_status":"closed","ping_status":"closed","sticky":false,"template":"","format":"standard","meta":{"_monsterinsights_skip_tracking":false,"_monsterinsights_sitenote_active":false,"_monsterinsights_sitenote_note":"","_monsterinsights_sitenote_category":0,"footnotes":""},"categories":[2],"tags":[],"class_list":["post-47625","post","type-post","status-publish","format-standard","has-post-thumbnail","hentry","category-news","category-2","description-off"],"_links":{"self":[{"href":"https:\/\/radiokfor.com\/1\/wp-json\/wp\/v2\/posts\/47625","targetHints":{"allow":["GET"]}}],"collection":[{"href":"https:\/\/radiokfor.com\/1\/wp-json\/wp\/v2\/posts"}],"about":[{"href":"https:\/\/radiokfor.com\/1\/wp-json\/wp\/v2\/types\/post"}],"author":[{"embeddable":true,"href":"https:\/\/radiokfor.com\/1\/wp-json\/wp\/v2\/users\/3"}],"replies":[{"embeddable":true,"href":"https:\/\/radiokfor.com\/1\/wp-json\/wp\/v2\/comments?post=47625"}],"version-history":[{"count":1,"href":"https:\/\/radiokfor.com\/1\/wp-json\/wp\/v2\/posts\/47625\/revisions"}],"predecessor-version":[{"id":47627,"href":"https:\/\/radiokfor.com\/1\/wp-json\/wp\/v2\/posts\/47625\/revisions\/47627"}],"wp:featuredmedia":[{"embeddable":true,"href":"https:\/\/radiokfor.com\/1\/wp-json\/wp\/v2\/media\/47626"}],"wp:attachment":[{"href":"https:\/\/radiokfor.com\/1\/wp-json\/wp\/v2\/media?parent=47625"}],"wp:term":[{"taxonomy":"category","embeddable":true,"href":"https:\/\/radiokfor.com\/1\/wp-json\/wp\/v2\/categories?post=47625"},{"taxonomy":"post_tag","embeddable":true,"href":"https:\/\/radiokfor.com\/1\/wp-json\/wp\/v2\/tags?post=47625"}],"curies":[{"name":"wp","href":"https:\/\/api.w.org\/{rel}","templated":true}]}}