{"id":47622,"date":"2019-05-07T07:50:23","date_gmt":"2019-05-07T07:50:23","guid":{"rendered":"http:\/\/radiokfor.com\/1\/?p=47622"},"modified":"2019-05-07T07:50:23","modified_gmt":"2019-05-07T07:50:23","slug":"kosova-behet-me-shtepi-te-evropes","status":"publish","type":"post","link":"https:\/\/radiokfor.com\/1\/kosova-behet-me-shtepi-te-evropes\/","title":{"rendered":"Kosova b\u00ebhet me \u201cSht\u00ebpi t\u00eb Evrop\u00ebs\u201d"},"content":{"rendered":"<p>P\u00ebr nder t\u00eb \u2018Dit\u00ebs s\u00eb Evrop\u00ebs\u2019, q\u00eb sh\u00ebnohet \u00e7do vit m\u00eb 9 maj,\u00a0 n\u00eb Prishtin\u00eb \u00ebsht\u00eb hapur\u00a0 \u201cSht\u00ebpia e Evrop\u00ebs\u201d. Me k\u00ebt\u00eb rast, Shefja e Zyr\u00ebs s\u00eb Bashkimit Evropian n\u00eb Prishtin\u00eb, Nataliya Apostolova, n\u00eb nj\u00eb prononcim p\u00ebr media ka th\u00ebn\u00eb se \u201cKjo sht\u00ebpi do t\u00eb jet\u00eb der\u00eb dhe sy p\u00ebr Kosov\u00ebn dhe do t\u00eb jet\u00eb e hapur p\u00ebr t\u00eb rinj dhe t\u00eb vjet\u00ebr, artist\u00eb, p\u00ebr qytetar\u00ebt dhe p\u00ebr media\u201d.<\/p>\n<p>P\u00ebrve\u00e7 p\u00ebrkrahjes s\u00eb hapjes s\u00eb \u201cSht\u00ebpis\u00eb s\u00eb Evrop\u00ebs\u201d, Bashkimi \u00a0Evropian ka investuar shum\u00eb n\u00eb Kosov\u00eb, si n\u00eb infrastruktur\u00eb, sundim t\u00eb rendit dhe ligjit, ekonomi dhe arsim.<\/p>\n","protected":false},"excerpt":{"rendered":"<p>P\u00ebr nder t\u00eb \u2018Dit\u00ebs s\u00eb Evrop\u00ebs\u2019, q\u00eb sh\u00ebnohet \u00e7do vit m\u00eb 9 maj,\u00a0 n\u00eb Prishtin\u00eb \u00ebsht\u00eb hapur\u00a0 \u201cSht\u00ebpia e Evrop\u00ebs\u201d. Me k\u00ebt\u00eb rast, Shefja e Zyr\u00ebs s\u00eb Bashkimit Evropian n\u00eb Prishtin\u00eb, Nataliya Apostolova, n\u00eb nj\u00eb prononcim p\u00ebr media ka th\u00ebn\u00eb se \u201cKjo sht\u00ebpi do t\u00eb jet\u00eb der\u00eb dhe sy p\u00ebr Kosov\u00ebn dhe do t\u00eb jet\u00eb&hellip;<\/p>\n","protected":false},"author":3,"featured_media":47623,"comment_status":"closed","ping_status":"closed","sticky":false,"template":"","format":"standard","meta":{"_monsterinsights_skip_tracking":false,"_monsterinsights_sitenote_active":false,"_monsterinsights_sitenote_note":"","_monsterinsights_sitenote_category":0,"footnotes":""},"categories":[2],"tags":[],"class_list":["post-47622","post","type-post","status-publish","format-standard","has-post-thumbnail","hentry","category-news","category-2","description-off"],"_links":{"self":[{"href":"https:\/\/radiokfor.com\/1\/wp-json\/wp\/v2\/posts\/47622","targetHints":{"allow":["GET"]}}],"collection":[{"href":"https:\/\/radiokfor.com\/1\/wp-json\/wp\/v2\/posts"}],"about":[{"href":"https:\/\/radiokfor.com\/1\/wp-json\/wp\/v2\/types\/post"}],"author":[{"embeddable":true,"href":"https:\/\/radiokfor.com\/1\/wp-json\/wp\/v2\/users\/3"}],"replies":[{"embeddable":true,"href":"https:\/\/radiokfor.com\/1\/wp-json\/wp\/v2\/comments?post=47622"}],"version-history":[{"count":1,"href":"https:\/\/radiokfor.com\/1\/wp-json\/wp\/v2\/posts\/47622\/revisions"}],"predecessor-version":[{"id":47624,"href":"https:\/\/radiokfor.com\/1\/wp-json\/wp\/v2\/posts\/47622\/revisions\/47624"}],"wp:featuredmedia":[{"embeddable":true,"href":"https:\/\/radiokfor.com\/1\/wp-json\/wp\/v2\/media\/47623"}],"wp:attachment":[{"href":"https:\/\/radiokfor.com\/1\/wp-json\/wp\/v2\/media?parent=47622"}],"wp:term":[{"taxonomy":"category","embeddable":true,"href":"https:\/\/radiokfor.com\/1\/wp-json\/wp\/v2\/categories?post=47622"},{"taxonomy":"post_tag","embeddable":true,"href":"https:\/\/radiokfor.com\/1\/wp-json\/wp\/v2\/tags?post=47622"}],"curies":[{"name":"wp","href":"https:\/\/api.w.org\/{rel}","templated":true}]}}