{"id":47607,"date":"2019-05-06T12:37:23","date_gmt":"2019-05-06T12:37:23","guid":{"rendered":"http:\/\/radiokfor.com\/1\/?p=47607"},"modified":"2019-05-06T13:17:01","modified_gmt":"2019-05-06T13:17:01","slug":"artistja-e-veprave-te-vecanta-artistike-vjen-sonte-me-ekspoziten-e-saj-te-pare","status":"publish","type":"post","link":"https:\/\/radiokfor.com\/1\/artistja-e-veprave-te-vecanta-artistike-vjen-sonte-me-ekspoziten-e-saj-te-pare\/","title":{"rendered":"Artistja e veprave t\u00eb ve\u00e7anta artistike vjen sonte me ekspozit\u00ebn e saj t\u00eb par\u00eb"},"content":{"rendered":"<p>\u201cEshk\u00eb Dashnie\/Glimmer of Love\u201d, quhet ekspozita e par\u00eb e artistes s\u00eb ve\u00e7ant\u00eb, Gresa Islami, e cila do t\u00eb hapet sonte (06.05.19), n\u00eb ora 20:30, n\u00eb Europe House, e njohur m\u00eb par\u00eb si Qendra Informative dhe Kulturore e BE-s\u00eb .<\/p>\n<p>P\u00ebr jet\u00ebsimin e k\u00ebsaj ekspozite, Gresa ka punuar nj\u00eb koh\u00eb t\u00eb gjat\u00eb, meqen\u00ebse arti t\u00eb cilin ajo e kultivon, k\u00ebrkon proces m\u00eb t\u00eb gjat\u00eb realizimi t\u00eb veprave p\u00ebrkat\u00ebse.<\/p>\n<p>Se cilat jan\u00eb emocionet e saj p\u00ebrsa i p\u00ebrket ekspozit\u00ebs respektive, na tregon vet artistja Gresa Islami:<\/p>\n<p>\u201cKryefjala e k\u00ebsaj ekspozite \u00ebsht\u00eb devijueshm\u00ebria, e cila ndahet n\u00eb tri cikle, me iden\u00eb n\u00eb prapavij\u00eb, q\u00eb \u00e7do gj\u00eb vepron rreth boshtit t\u00eb vet dhe nd\u00ebrvepron me t\u00eb tjer\u00ebt. T\u00eb gjitha veprat e mia jan\u00eb t\u00eb realizuara n\u00eb teknik\u00ebn rraku dhe naked rraku, proces shum\u00eb i bukur por nj\u00ebkoh\u00ebsisht edhe shum\u00eb sfidues\u201d , tha p\u00ebr Radio KFOR-in, artistja Islami.<\/p>\n<p>P\u00ebr k\u00ebt\u00eb veprimtari t\u00eb cil\u00ebn tash e 5 vite e ushtron dhe p\u00ebr realizimin e ekspozit\u00ebs s\u00eb saj, Gresa i \u00ebsht\u00eb mir\u00ebnjoh\u00ebse asaj q\u00eb i ka dh\u00ebn\u00eb krah\u00eb dhe frym\u00eb \u00ebndrr\u00ebs s\u00eb saj, prof. Mira Ku\u00e7ukut.<\/p>\n","protected":false},"excerpt":{"rendered":"<p>\u201cEshk\u00eb Dashnie\/Glimmer of Love\u201d, quhet ekspozita e par\u00eb e artistes s\u00eb ve\u00e7ant\u00eb, Gresa Islami, e cila do t\u00eb hapet sonte (06.05.19), n\u00eb ora 20:30, n\u00eb Europe House, e njohur m\u00eb par\u00eb si Qendra Informative dhe Kulturore e BE-s\u00eb . P\u00ebr jet\u00ebsimin e k\u00ebsaj ekspozite, Gresa ka punuar nj\u00eb koh\u00eb t\u00eb gjat\u00eb, meqen\u00ebse arti t\u00eb cilin&hellip;<\/p>\n","protected":false},"author":4,"featured_media":47616,"comment_status":"closed","ping_status":"closed","sticky":false,"template":"","format":"standard","meta":{"_monsterinsights_skip_tracking":false,"_monsterinsights_sitenote_active":false,"_monsterinsights_sitenote_note":"","_monsterinsights_sitenote_category":0,"footnotes":""},"categories":[2],"tags":[],"class_list":["post-47607","post","type-post","status-publish","format-standard","has-post-thumbnail","hentry","category-news","category-2","description-off"],"_links":{"self":[{"href":"https:\/\/radiokfor.com\/1\/wp-json\/wp\/v2\/posts\/47607","targetHints":{"allow":["GET"]}}],"collection":[{"href":"https:\/\/radiokfor.com\/1\/wp-json\/wp\/v2\/posts"}],"about":[{"href":"https:\/\/radiokfor.com\/1\/wp-json\/wp\/v2\/types\/post"}],"author":[{"embeddable":true,"href":"https:\/\/radiokfor.com\/1\/wp-json\/wp\/v2\/users\/4"}],"replies":[{"embeddable":true,"href":"https:\/\/radiokfor.com\/1\/wp-json\/wp\/v2\/comments?post=47607"}],"version-history":[{"count":2,"href":"https:\/\/radiokfor.com\/1\/wp-json\/wp\/v2\/posts\/47607\/revisions"}],"predecessor-version":[{"id":47618,"href":"https:\/\/radiokfor.com\/1\/wp-json\/wp\/v2\/posts\/47607\/revisions\/47618"}],"wp:featuredmedia":[{"embeddable":true,"href":"https:\/\/radiokfor.com\/1\/wp-json\/wp\/v2\/media\/47616"}],"wp:attachment":[{"href":"https:\/\/radiokfor.com\/1\/wp-json\/wp\/v2\/media?parent=47607"}],"wp:term":[{"taxonomy":"category","embeddable":true,"href":"https:\/\/radiokfor.com\/1\/wp-json\/wp\/v2\/categories?post=47607"},{"taxonomy":"post_tag","embeddable":true,"href":"https:\/\/radiokfor.com\/1\/wp-json\/wp\/v2\/tags?post=47607"}],"curies":[{"name":"wp","href":"https:\/\/api.w.org\/{rel}","templated":true}]}}