{"id":47319,"date":"2019-04-09T07:50:02","date_gmt":"2019-04-09T07:50:02","guid":{"rendered":"http:\/\/radiokfor.com\/1\/?p=47319"},"modified":"2019-04-09T07:50:02","modified_gmt":"2019-04-09T07:50:02","slug":"te-ndihmojme-ne-rritjen-e-mirekuptimit-dhe-pranimit-te-autizmit","status":"publish","type":"post","link":"https:\/\/radiokfor.com\/1\/te-ndihmojme-ne-rritjen-e-mirekuptimit-dhe-pranimit-te-autizmit\/","title":{"rendered":"T\u00eb ndihmojm\u00eb n\u00eb rritjen e mir\u00ebkuptimit dhe pranimit t\u00eb autizmit"},"content":{"rendered":"<p>N\u00eb vazhd\u00ebn e aktiviteteve t\u00eb nj\u00ebpasnj\u00ebshme q\u00eb po realizohen n\u00eb vendin ton\u00eb, p\u00ebr nder t\u00eb \u2018Muajit Bot\u00ebror\u00eb t\u00eb Autizmit\u2019, m\u00eb 11 prill, Shoqata e Psikoterapeut\u00ebve t\u00eb Kosov\u00ebs, fton t\u00eb gjith\u00eb, p\u00ebrfshir\u00eb edhe profesionist\u00ebt e sh\u00ebndetit mendor dhe fqinj\u00ebt anemban\u00eb bot\u00ebs n\u00eb debatin e organizuar n\u00eb mb\u00ebshtetje t\u00eb autik\u00ebve.<\/p>\n<p>N\u00eb k\u00ebt\u00eb debat, panelist\u00ebt e ftuar do t\u00eb diskutojn\u00eb p\u00ebr ofrimin e nj\u00eb qasjeje adekuate ndaj k\u00ebsaj kategorie t\u00eb shoq\u00ebris\u00eb, duke u zotuar p\u00ebr mb\u00ebshtetje t\u00eb vazhdueshme p\u00ebr nj\u00eb bot\u00eb sa m\u00eb gjith\u00ebp\u00ebrfshir\u00ebse.<\/p>\n<p>\u00c7rregullimi i Spektrit t\u00eb Autizmit (ASD), \u00ebsht\u00eb nj\u00eb dinamik\u00eb e anomalive metabolike, mitokondriale, imune, inflamatore dhe t\u00eb sjelljes q\u00eb p\u00ebrfshijn\u00eb shum\u00eb pjes\u00eb t\u00eb trupit. Autizmi \u00ebsht\u00eb nj\u00eb \u00e7rregullim neurologjik-zhvillimor i cili karakterizohet nga: d\u00ebmtime sociale, d\u00ebmtime njoh\u00ebse, v\u00ebshtir\u00ebsi n\u00eb komunikim dhe sjellje t\u00eb p\u00ebrs\u00ebritura.<\/p>\n","protected":false},"excerpt":{"rendered":"<p>N\u00eb vazhd\u00ebn e aktiviteteve t\u00eb nj\u00ebpasnj\u00ebshme q\u00eb po realizohen n\u00eb vendin ton\u00eb, p\u00ebr nder t\u00eb \u2018Muajit Bot\u00ebror\u00eb t\u00eb Autizmit\u2019, m\u00eb 11 prill, Shoqata e Psikoterapeut\u00ebve t\u00eb Kosov\u00ebs, fton t\u00eb gjith\u00eb, p\u00ebrfshir\u00eb edhe profesionist\u00ebt e sh\u00ebndetit mendor dhe fqinj\u00ebt anemban\u00eb bot\u00ebs n\u00eb debatin e organizuar n\u00eb mb\u00ebshtetje t\u00eb autik\u00ebve. N\u00eb k\u00ebt\u00eb debat, panelist\u00ebt e ftuar do&hellip;<\/p>\n","protected":false},"author":3,"featured_media":47320,"comment_status":"closed","ping_status":"closed","sticky":false,"template":"","format":"standard","meta":{"_monsterinsights_skip_tracking":false,"_monsterinsights_sitenote_active":false,"_monsterinsights_sitenote_note":"","_monsterinsights_sitenote_category":0,"footnotes":""},"categories":[2],"tags":[],"class_list":["post-47319","post","type-post","status-publish","format-standard","has-post-thumbnail","hentry","category-news","category-2","description-off"],"_links":{"self":[{"href":"https:\/\/radiokfor.com\/1\/wp-json\/wp\/v2\/posts\/47319","targetHints":{"allow":["GET"]}}],"collection":[{"href":"https:\/\/radiokfor.com\/1\/wp-json\/wp\/v2\/posts"}],"about":[{"href":"https:\/\/radiokfor.com\/1\/wp-json\/wp\/v2\/types\/post"}],"author":[{"embeddable":true,"href":"https:\/\/radiokfor.com\/1\/wp-json\/wp\/v2\/users\/3"}],"replies":[{"embeddable":true,"href":"https:\/\/radiokfor.com\/1\/wp-json\/wp\/v2\/comments?post=47319"}],"version-history":[{"count":1,"href":"https:\/\/radiokfor.com\/1\/wp-json\/wp\/v2\/posts\/47319\/revisions"}],"predecessor-version":[{"id":47321,"href":"https:\/\/radiokfor.com\/1\/wp-json\/wp\/v2\/posts\/47319\/revisions\/47321"}],"wp:featuredmedia":[{"embeddable":true,"href":"https:\/\/radiokfor.com\/1\/wp-json\/wp\/v2\/media\/47320"}],"wp:attachment":[{"href":"https:\/\/radiokfor.com\/1\/wp-json\/wp\/v2\/media?parent=47319"}],"wp:term":[{"taxonomy":"category","embeddable":true,"href":"https:\/\/radiokfor.com\/1\/wp-json\/wp\/v2\/categories?post=47319"},{"taxonomy":"post_tag","embeddable":true,"href":"https:\/\/radiokfor.com\/1\/wp-json\/wp\/v2\/tags?post=47319"}],"curies":[{"name":"wp","href":"https:\/\/api.w.org\/{rel}","templated":true}]}}