{"id":47192,"date":"2019-03-29T10:40:44","date_gmt":"2019-03-29T10:40:44","guid":{"rendered":"http:\/\/radiokfor.com\/1\/?p=47192"},"modified":"2019-03-29T10:40:44","modified_gmt":"2019-03-29T10:40:44","slug":"anibar-sjell-punetori-multietnike-veshja-tradicionale-e-kosoves-lidhja-me-te-kaluaren","status":"publish","type":"post","link":"https:\/\/radiokfor.com\/1\/anibar-sjell-punetori-multietnike-veshja-tradicionale-e-kosoves-lidhja-me-te-kaluaren\/","title":{"rendered":"ANIBAR sjell pun\u00ebtori multietnike \u201cVeshja tradicionale e Kosov\u00ebs: Lidhja me t\u00eb kaluar\u00ebn\u201d"},"content":{"rendered":"<p>N\u00eb vazhd\u00ebn e zbatimit t\u00eb shum\u00eb projekteve multiketnike \u2018Festivali i Filmit t\u00eb Animuar-ANIBAR\u2019, sot (29.03.19) \u00ebsht\u00eb duke e mbajtur edhe dit\u00ebn e fundit t\u00eb pun\u00ebtoris\u00eb \u201cVeshja tradicionale e Kosov\u00ebs : Lidhja me t\u00eb kaluar\u00ebn\u201d.<\/p>\n<p>Koordinatorja e projekteve dhe eventeve n\u00eb Anibar, Arlinda Kastrati, tregoi p\u00ebr Radio KFOR-in ecurin\u00eb e pun\u00ebtoris\u00eb: <em>\u201cPun\u00ebtoria ka filluar q\u00eb nga 25 marsi dhe p\u00ebrufundon sot m\u00eb 29 mars. Pjes\u00ebmarr\u00ebsit kan\u00eb b\u00ebr\u00eb nj\u00eb pun\u00eb jasht\u00ebzakonisht t\u00eb mir\u00eb, ku kan\u00eb prezantuar veshjet e enticiteteve n\u00eb Kosov\u00eb, nd\u00ebrsa ne planifikojm\u00eb q\u00eb dit\u00ebve n\u00eb vazhdim t\u00eb lansojm\u00eb edhe nj\u00eb p\u00ebrmbledhje t\u00eb k\u00ebsaj ngjarjeje p\u00ebrmes nj\u00eb video me xhirimet e dit\u00ebve t\u00eb pun\u00ebroris\u00eb\u201d.<\/em><\/p>\n<p>Kjo pun\u00ebtori vjen pasi veshjet tradicionale jan\u00eb pjes\u00eb e r\u00ebnd\u00ebsishme e kultur\u00ebs historike. Veshja tradicionale ofron nj\u00eb lidhje me t\u00eb kaluar\u00ebn ton\u00eb t\u00eb p\u00ebrbashk\u00ebt.<\/p>\n","protected":false},"excerpt":{"rendered":"<p>N\u00eb vazhd\u00ebn e zbatimit t\u00eb shum\u00eb projekteve multiketnike \u2018Festivali i Filmit t\u00eb Animuar-ANIBAR\u2019, sot (29.03.19) \u00ebsht\u00eb duke e mbajtur edhe dit\u00ebn e fundit t\u00eb pun\u00ebtoris\u00eb \u201cVeshja tradicionale e Kosov\u00ebs : Lidhja me t\u00eb kaluar\u00ebn\u201d. Koordinatorja e projekteve dhe eventeve n\u00eb Anibar, Arlinda Kastrati, tregoi p\u00ebr Radio KFOR-in ecurin\u00eb e pun\u00ebtoris\u00eb: \u201cPun\u00ebtoria ka filluar q\u00eb nga&hellip;<\/p>\n","protected":false},"author":3,"featured_media":47193,"comment_status":"closed","ping_status":"closed","sticky":false,"template":"","format":"standard","meta":{"_monsterinsights_skip_tracking":false,"_monsterinsights_sitenote_active":false,"_monsterinsights_sitenote_note":"","_monsterinsights_sitenote_category":0,"footnotes":""},"categories":[2],"tags":[],"class_list":["post-47192","post","type-post","status-publish","format-standard","has-post-thumbnail","hentry","category-news","category-2","description-off"],"_links":{"self":[{"href":"https:\/\/radiokfor.com\/1\/wp-json\/wp\/v2\/posts\/47192","targetHints":{"allow":["GET"]}}],"collection":[{"href":"https:\/\/radiokfor.com\/1\/wp-json\/wp\/v2\/posts"}],"about":[{"href":"https:\/\/radiokfor.com\/1\/wp-json\/wp\/v2\/types\/post"}],"author":[{"embeddable":true,"href":"https:\/\/radiokfor.com\/1\/wp-json\/wp\/v2\/users\/3"}],"replies":[{"embeddable":true,"href":"https:\/\/radiokfor.com\/1\/wp-json\/wp\/v2\/comments?post=47192"}],"version-history":[{"count":1,"href":"https:\/\/radiokfor.com\/1\/wp-json\/wp\/v2\/posts\/47192\/revisions"}],"predecessor-version":[{"id":47194,"href":"https:\/\/radiokfor.com\/1\/wp-json\/wp\/v2\/posts\/47192\/revisions\/47194"}],"wp:featuredmedia":[{"embeddable":true,"href":"https:\/\/radiokfor.com\/1\/wp-json\/wp\/v2\/media\/47193"}],"wp:attachment":[{"href":"https:\/\/radiokfor.com\/1\/wp-json\/wp\/v2\/media?parent=47192"}],"wp:term":[{"taxonomy":"category","embeddable":true,"href":"https:\/\/radiokfor.com\/1\/wp-json\/wp\/v2\/categories?post=47192"},{"taxonomy":"post_tag","embeddable":true,"href":"https:\/\/radiokfor.com\/1\/wp-json\/wp\/v2\/tags?post=47192"}],"curies":[{"name":"wp","href":"https:\/\/api.w.org\/{rel}","templated":true}]}}