{"id":47181,"date":"2019-03-28T13:25:33","date_gmt":"2019-03-28T13:25:33","guid":{"rendered":"http:\/\/radiokfor.com\/1\/?p=47181"},"modified":"2019-03-28T16:41:50","modified_gmt":"2019-03-28T16:41:50","slug":"radio-kfor-i-fton-degjuesin-ne-studio-live-per-tia-festuar-ditelindjen","status":"publish","type":"post","link":"https:\/\/radiokfor.com\/1\/radio-kfor-i-fton-degjuesin-ne-studio-live-per-tia-festuar-ditelindjen\/","title":{"rendered":"Radio KFOR-i fton d\u00ebgjuesin n\u00eb studio live, p\u00ebr t\u2019ia festuar dit\u00eblindjen"},"content":{"rendered":"<p>Sot Radio KFOR-i d\u00ebshmoi edhe nj\u00ebher\u00eb, q\u00eb misioni q\u00eb i ka v\u00ebn\u00eb vetes dhe p\u00ebr t\u00eb cilin punojn\u00eb \u00e7do dit\u00eb i gjith\u00eb stafi i radios, \u00ebsht\u00eb q\u00eb d\u00ebgjuesit t\u00eb ndjehen special ashtu edhe si\u00e7 jan\u00eb ata.<\/p>\n<p>Nj\u00eb nga d\u00ebgjuesit besnik i Radio KFOR-it \u00ebsht\u00eb edhe Kastriot Rexhepi, i cili dit\u00ebn e nis\u00eb me programet e Radio KFOR-it, me fillim \u201cM\u00ebngjesi me ty\u201d dhe e p\u00ebrfundon me \u201cMeny\u201d. Kastrioti apo ndryshe i njohur n\u00eb radio me nofk\u00ebn Kastro, sot (28.03.19) ishte mysafir special i yni n\u00eb emsionin \u2018Machiato Launge\u2019, me modetaroren Merita Gjoni, ku p\u00ebrve\u00e7 q\u00eb njohu nga af\u00ebr gjith\u00eb stafin, Kastro u befasua me disa dhurata nga ekipi yn\u00eb me rastin e dit\u00eblindjes s\u00eb tij.<\/p>\n<p><em>\u201cJam fal\u00ebnderues \u00e7do her\u00eb p\u00ebr Radio KFOR-in, falemnderit q\u00eb m\u00eb keni dh\u00ebn\u00eb mund\u00ebsin\u00eb edhe t\u00eb takohemi personalishrt dhe shum\u00eb falemnderit p\u00ebr befasin\u00eb e bukur. Un\u00eb e nis\u00eb dit\u00ebn me Radio Kfor-in. Kur ju na thoni mir\u00ebm\u00ebngjesi p\u00ebrmes frekuencave tuaja edhe un\u00eb ju them mir\u00ebm\u00ebngjesi nga vetura ime, \u00a0shoq\u00ebrohem me ju p\u00ebrgjat\u00eb t\u00ebr\u00eb dit\u00ebs sepse gjat\u00eb pun\u00ebs ju na ndihmoni \u00e7do her\u00eb t\u00eb infomohemi me t\u00eb gjitha fushat nga jeta, q\u00eb ta tejkalojm\u00eb monotonin\u00eb dhe t\u00eb ndjehemi bukur \u00e7do her\u00eb me ju. Edhe pas p\u00ebrfundimit t\u00eb pun\u00ebs, un\u00eb vazhdoj\u00eb t\u00eb shoq\u00ebrohem me Radio KFOR-in edhe n\u00eb sht\u00ebpi duke ju d\u00ebgjuar n\u00eb formatin online, me emisionet e nat\u00ebs ku na servohen tema t\u00eb r\u00ebnd\u00ebsishme. \u201d <\/em><\/p>\n<p>Kastrioti ka vler\u00ebsuar gjithashtu \u00a0edhe pun\u00ebn e madhe q\u00eb b\u00ebn\u00eb KFOR-i p\u00ebrmes produkteve speciale dhe thirrjeve t\u00eb p\u00ebrditshme nga moderartor\u00ebt per respektuar rregullat e komunikacionit: \u00a0<em>\u201cNuk ka radio q\u00eb porosisin m\u00eb shum\u00eb degjuesit e saj p\u00ebr respektim t\u00eb rregullave t\u00eb komunikacioni dhe kjo na p\u00ebrkujton n\u00eb \u00e7do moment sa sa e r\u00ebnd\u00ebsishme \u00ebsht\u00eb jeta\u201d.<\/em><\/p>\n<p>Urime edhe 100 vite t\u00eb tjera p\u00ebr Kastron nga stafi i Radio KFOR-it. Faleminderit Kastriotit dhe secilit d\u00ebgjues p\u00ebr shoq\u00ebrimin me frekuencat tona dhe faleminderit q\u00eb jeni bashk me ne, n\u00eb mengjeset e juaja, derisa pini kafen\u00eb, n\u00eb\u00a0 rrug\u00ebtimet tuaja si dhe q\u00eb na lejoni t\u00eb jemi pjes\u00eb e miq\u00ebsis\u00eb familjare p\u00ebrbrenda sht\u00ebpive t\u00eb tuaja.<\/p>\n","protected":false},"excerpt":{"rendered":"<p>Sot Radio KFOR-i d\u00ebshmoi edhe nj\u00ebher\u00eb, q\u00eb misioni q\u00eb i ka v\u00ebn\u00eb vetes dhe p\u00ebr t\u00eb cilin punojn\u00eb \u00e7do dit\u00eb i gjith\u00eb stafi i radios, \u00ebsht\u00eb q\u00eb d\u00ebgjuesit t\u00eb ndjehen special ashtu edhe si\u00e7 jan\u00eb ata. Nj\u00eb nga d\u00ebgjuesit besnik i Radio KFOR-it \u00ebsht\u00eb edhe Kastriot Rexhepi, i cili dit\u00ebn e nis\u00eb me programet e&hellip;<\/p>\n","protected":false},"author":3,"featured_media":47182,"comment_status":"closed","ping_status":"closed","sticky":false,"template":"","format":"standard","meta":{"_monsterinsights_skip_tracking":false,"_monsterinsights_sitenote_active":false,"_monsterinsights_sitenote_note":"","_monsterinsights_sitenote_category":0,"footnotes":""},"categories":[2],"tags":[],"class_list":["post-47181","post","type-post","status-publish","format-standard","has-post-thumbnail","hentry","category-news","category-2","description-off"],"_links":{"self":[{"href":"https:\/\/radiokfor.com\/1\/wp-json\/wp\/v2\/posts\/47181","targetHints":{"allow":["GET"]}}],"collection":[{"href":"https:\/\/radiokfor.com\/1\/wp-json\/wp\/v2\/posts"}],"about":[{"href":"https:\/\/radiokfor.com\/1\/wp-json\/wp\/v2\/types\/post"}],"author":[{"embeddable":true,"href":"https:\/\/radiokfor.com\/1\/wp-json\/wp\/v2\/users\/3"}],"replies":[{"embeddable":true,"href":"https:\/\/radiokfor.com\/1\/wp-json\/wp\/v2\/comments?post=47181"}],"version-history":[{"count":2,"href":"https:\/\/radiokfor.com\/1\/wp-json\/wp\/v2\/posts\/47181\/revisions"}],"predecessor-version":[{"id":47185,"href":"https:\/\/radiokfor.com\/1\/wp-json\/wp\/v2\/posts\/47181\/revisions\/47185"}],"wp:featuredmedia":[{"embeddable":true,"href":"https:\/\/radiokfor.com\/1\/wp-json\/wp\/v2\/media\/47182"}],"wp:attachment":[{"href":"https:\/\/radiokfor.com\/1\/wp-json\/wp\/v2\/media?parent=47181"}],"wp:term":[{"taxonomy":"category","embeddable":true,"href":"https:\/\/radiokfor.com\/1\/wp-json\/wp\/v2\/categories?post=47181"},{"taxonomy":"post_tag","embeddable":true,"href":"https:\/\/radiokfor.com\/1\/wp-json\/wp\/v2\/tags?post=47181"}],"curies":[{"name":"wp","href":"https:\/\/api.w.org\/{rel}","templated":true}]}}