{"id":47153,"date":"2019-03-27T14:53:51","date_gmt":"2019-03-27T14:53:51","guid":{"rendered":"http:\/\/radiokfor.com\/1\/?p=47153"},"modified":"2019-03-27T14:53:51","modified_gmt":"2019-03-27T14:53:51","slug":"milani-dhe-interi-bashkojne-forcat-per-ndertimin-e-nje-stadiumi-te-ri","status":"publish","type":"post","link":"https:\/\/radiokfor.com\/1\/milani-dhe-interi-bashkojne-forcat-per-ndertimin-e-nje-stadiumi-te-ri\/","title":{"rendered":"Milani dhe Interi bashkojn\u00eb forcat p\u00ebr nd\u00ebrtimin e nj\u00eb stadiumi t\u00eb ri"},"content":{"rendered":"<p>Vendimi \u00ebsht\u00eb marr\u00eb tashm\u00eb! Pritet vet\u00ebm aprovimi i Bashkis\u00eb s\u00eb Milanos. Milani dhe Interi do t\u00eb braktisin stadiumin legjendar &#8220;Giuseppe Meazza&#8221;, i njohur si &#8220;San Siro&#8221;. N\u00eb parkingun e tij do t\u00eb nd\u00ebrtohet impianti i ri me rreth 60 mij\u00eb vende, nd\u00ebrsa m\u00eb pas &#8220;La Scala del Calcio&#8221; do t\u00eb prishet.<\/p>\n<p>Dy skuadrat e famshme t\u00eb futbollit italian, Interi e Milani, n\u00eb shum\u00eb pak koh\u00eb, ndoshta jav\u00ebn e ardhshme, do t\u00eb prezantojn\u00eb n\u00eb Bashkin\u00eb e Milanos planin p\u00ebr realizimin e nj\u00eb stadiumi, q\u00eb do t\u00eb jet\u00eb n\u00eb pron\u00ebsi t\u00eb tyre dhe q\u00eb sipas parashikimeve, pritet t\u00eb hap\u00eb dyert n\u00eb harkun prej 3 apo 4 viteve, me shum\u00eb mund\u00ebsi nga sezoni i viteve 2022-\u201923.<\/p>\n<p>Statiumi \u201cSan Siro\u201d, kishte hapur dyert p\u00ebr her\u00eb t\u00eb par\u00eb p\u00ebr publikun m\u00eb 19 Shtator 1926.<\/p>\n","protected":false},"excerpt":{"rendered":"<p>Vendimi \u00ebsht\u00eb marr\u00eb tashm\u00eb! Pritet vet\u00ebm aprovimi i Bashkis\u00eb s\u00eb Milanos. Milani dhe Interi do t\u00eb braktisin stadiumin legjendar &#8220;Giuseppe Meazza&#8221;, i njohur si &#8220;San Siro&#8221;. N\u00eb parkingun e tij do t\u00eb nd\u00ebrtohet impianti i ri me rreth 60 mij\u00eb vende, nd\u00ebrsa m\u00eb pas &#8220;La Scala del Calcio&#8221; do t\u00eb prishet. Dy skuadrat e famshme&hellip;<\/p>\n","protected":false},"author":3,"featured_media":47154,"comment_status":"closed","ping_status":"closed","sticky":false,"template":"","format":"standard","meta":{"_monsterinsights_skip_tracking":false,"_monsterinsights_sitenote_active":false,"_monsterinsights_sitenote_note":"","_monsterinsights_sitenote_category":0,"footnotes":""},"categories":[2],"tags":[],"class_list":["post-47153","post","type-post","status-publish","format-standard","has-post-thumbnail","hentry","category-news","category-2","description-off"],"_links":{"self":[{"href":"https:\/\/radiokfor.com\/1\/wp-json\/wp\/v2\/posts\/47153","targetHints":{"allow":["GET"]}}],"collection":[{"href":"https:\/\/radiokfor.com\/1\/wp-json\/wp\/v2\/posts"}],"about":[{"href":"https:\/\/radiokfor.com\/1\/wp-json\/wp\/v2\/types\/post"}],"author":[{"embeddable":true,"href":"https:\/\/radiokfor.com\/1\/wp-json\/wp\/v2\/users\/3"}],"replies":[{"embeddable":true,"href":"https:\/\/radiokfor.com\/1\/wp-json\/wp\/v2\/comments?post=47153"}],"version-history":[{"count":1,"href":"https:\/\/radiokfor.com\/1\/wp-json\/wp\/v2\/posts\/47153\/revisions"}],"predecessor-version":[{"id":47155,"href":"https:\/\/radiokfor.com\/1\/wp-json\/wp\/v2\/posts\/47153\/revisions\/47155"}],"wp:featuredmedia":[{"embeddable":true,"href":"https:\/\/radiokfor.com\/1\/wp-json\/wp\/v2\/media\/47154"}],"wp:attachment":[{"href":"https:\/\/radiokfor.com\/1\/wp-json\/wp\/v2\/media?parent=47153"}],"wp:term":[{"taxonomy":"category","embeddable":true,"href":"https:\/\/radiokfor.com\/1\/wp-json\/wp\/v2\/categories?post=47153"},{"taxonomy":"post_tag","embeddable":true,"href":"https:\/\/radiokfor.com\/1\/wp-json\/wp\/v2\/tags?post=47153"}],"curies":[{"name":"wp","href":"https:\/\/api.w.org\/{rel}","templated":true}]}}