{"id":47134,"date":"2019-03-26T14:27:39","date_gmt":"2019-03-26T14:27:39","guid":{"rendered":"http:\/\/radiokfor.com\/1\/?p=47134"},"modified":"2019-03-26T14:27:39","modified_gmt":"2019-03-26T14:27:39","slug":"dam-festivali-nis-sonte-me-plot-befasi","status":"publish","type":"post","link":"https:\/\/radiokfor.com\/1\/dam-festivali-nis-sonte-me-plot-befasi\/","title":{"rendered":"\u2018DAM Festivali\u2019 nis sonte me plot befasi"},"content":{"rendered":"<p>Festivali nd\u00ebrkomb\u00ebtar i muzik\u00ebs \u201cDAM\u201d, i cili tashm\u00eb ka krijuar identitetin e tij n\u00eb mb\u00ebshtetje t\u00eb ideve t\u00eb reja dhe kreative, sivjet vjen me gjasht\u00eb mbr\u00ebmje koncertale dhe tri ligj\u00ebrata.<\/p>\n<p>Edicioni i 14-t\u00eb i festivalit, q\u00eb nis sot (26.03.19) me performanc\u00ebn e Kuartetit t\u00eb Parisit, do ta ket\u00eb fokusin te Gara Ballkanike e Kompozitor\u00ebve dhe pak para nisjes s\u00eb k\u00ebtij edicioni, \u201cDAM\u201d ka fituar etiket\u00ebn \u2018EFFE Label\u2019 si festival i dalluar i arteve p\u00ebr cil\u00ebsi.<\/p>\n<p>Si\u00e7 shprehet drejtori artistik, nj\u00ebher\u00ebsh bashk\u00ebthemelues i festivalit Dardan Selimaj, n\u00eb k\u00ebt\u00eb edicion artist\u00ebve u \u00ebsht\u00eb krijuar hap\u00ebsira si mund\u00ebsi p\u00ebr t\u00eb shk\u00ebmbyer pasionin dhe dashurin\u00eb e tyre: <em>\u201cVazhdojm\u00eb t\u00eb krijojm\u00eb hapsir\u00eb q\u00eb artist\u00ebt e rinj t\u00eb shk\u00ebmbejn\u00eb\u00a0 idet\u00eb dhe mendimet me vizionin e q\u00ebllimin e vet\u00ebm, p\u00ebr t\u00eb krijuar art. Gara paraqet shtyll\u00ebn kryesore t\u00eb festivalit k\u00ebt\u00eb vit\u201d,<\/em> tha m\u00eb tej p\u00ebr Radio KFOR-in, z. Selimaj.<\/p>\n<p>Ky organizim ka p\u00ebr q\u00ebllim krijimin e nj\u00eb program bashk\u00ebpunimi n\u00eb mes t\u00eb kompozitor\u00ebve q\u00eb vijn\u00eb nga 6 vende t\u00eb Ballkanit Per\u00ebndimor dhe krijimin e marr\u00ebdh\u00ebnieve substanciale midis tyre dhe institucioneve muzikore n\u00eb Ballkan dhe Evrop\u00eb.<\/p>\n","protected":false},"excerpt":{"rendered":"<p>Festivali nd\u00ebrkomb\u00ebtar i muzik\u00ebs \u201cDAM\u201d, i cili tashm\u00eb ka krijuar identitetin e tij n\u00eb mb\u00ebshtetje t\u00eb ideve t\u00eb reja dhe kreative, sivjet vjen me gjasht\u00eb mbr\u00ebmje koncertale dhe tri ligj\u00ebrata. Edicioni i 14-t\u00eb i festivalit, q\u00eb nis sot (26.03.19) me performanc\u00ebn e Kuartetit t\u00eb Parisit, do ta ket\u00eb fokusin te Gara Ballkanike e Kompozitor\u00ebve dhe&hellip;<\/p>\n","protected":false},"author":3,"featured_media":47135,"comment_status":"closed","ping_status":"closed","sticky":false,"template":"","format":"standard","meta":{"_monsterinsights_skip_tracking":false,"_monsterinsights_sitenote_active":false,"_monsterinsights_sitenote_note":"","_monsterinsights_sitenote_category":0,"footnotes":""},"categories":[2],"tags":[],"class_list":["post-47134","post","type-post","status-publish","format-standard","has-post-thumbnail","hentry","category-news","category-2","description-off"],"_links":{"self":[{"href":"https:\/\/radiokfor.com\/1\/wp-json\/wp\/v2\/posts\/47134","targetHints":{"allow":["GET"]}}],"collection":[{"href":"https:\/\/radiokfor.com\/1\/wp-json\/wp\/v2\/posts"}],"about":[{"href":"https:\/\/radiokfor.com\/1\/wp-json\/wp\/v2\/types\/post"}],"author":[{"embeddable":true,"href":"https:\/\/radiokfor.com\/1\/wp-json\/wp\/v2\/users\/3"}],"replies":[{"embeddable":true,"href":"https:\/\/radiokfor.com\/1\/wp-json\/wp\/v2\/comments?post=47134"}],"version-history":[{"count":1,"href":"https:\/\/radiokfor.com\/1\/wp-json\/wp\/v2\/posts\/47134\/revisions"}],"predecessor-version":[{"id":47136,"href":"https:\/\/radiokfor.com\/1\/wp-json\/wp\/v2\/posts\/47134\/revisions\/47136"}],"wp:featuredmedia":[{"embeddable":true,"href":"https:\/\/radiokfor.com\/1\/wp-json\/wp\/v2\/media\/47135"}],"wp:attachment":[{"href":"https:\/\/radiokfor.com\/1\/wp-json\/wp\/v2\/media?parent=47134"}],"wp:term":[{"taxonomy":"category","embeddable":true,"href":"https:\/\/radiokfor.com\/1\/wp-json\/wp\/v2\/categories?post=47134"},{"taxonomy":"post_tag","embeddable":true,"href":"https:\/\/radiokfor.com\/1\/wp-json\/wp\/v2\/tags?post=47134"}],"curies":[{"name":"wp","href":"https:\/\/api.w.org\/{rel}","templated":true}]}}