{"id":47125,"date":"2019-03-27T06:00:33","date_gmt":"2019-03-27T06:00:33","guid":{"rendered":"http:\/\/radiokfor.com\/1\/?p=47125"},"modified":"2019-03-26T09:42:29","modified_gmt":"2019-03-26T09:42:29","slug":"teatri-kombetar-i-kosoves-shenon-sot-diten-boterore-te-teatrit","status":"publish","type":"post","link":"https:\/\/radiokfor.com\/1\/teatri-kombetar-i-kosoves-shenon-sot-diten-boterore-te-teatrit\/","title":{"rendered":"Teatri Komb\u00ebtar i Kosov\u00ebs sh\u00ebnon sot \u2018Dit\u00ebn Bot\u00ebrore t\u00eb Teatrit\u2019"},"content":{"rendered":"<p>27 Marsi, njihet ndryshe edhe si \u2018Dita Bot\u00ebrore e Teatrit\u2019. Kjo dit\u00eb sh\u00ebnohet q\u00eb nga viti 1962, me inicimin e Kongresit t\u00eb 9-t\u00eb bot\u00ebror t\u00eb Institutit Nd\u00ebrkomb\u00ebtar Teatror (INT) t\u00eb UNESCO-s, t\u00eb mbajtur n\u00eb qershor t\u00eb vitit 1961, me propozim t\u00eb Finland\u00ebs. Mir\u00ebpo, se n\u00eb \u00e7far\u00eb gjendje e gjen sivjen kjo dit\u00eb Teatrin Komb\u00ebtar t\u00eb Kosov\u00ebs, p\u00ebr Radio KFOR-in flet Drejtori Artistik, Agon Myftari: <em>\u201cTeatri Komb\u00ebtar aktualisht ka nj\u00eb publik t\u00eb jasht\u00ebzakosh\u00ebm dhe ka nj\u00eb vijueshm\u00ebri shum\u00eb t\u00eb madhe t\u00eb publikut, n\u00eb krahasim me shum\u00eb vite m\u00eb par\u00eb dhe kjo gj\u00eb na g\u00ebzon.\u00a0 Mendoj q\u00eb ky sukses, kjo vijueshm\u00ebri n\u00eb num\u00ebr kaq t\u00eb madh t\u00eb publikut, vjen si rrjedhoj\u00eb e nj\u00eb repertoari t\u00eb disa viteve me radh\u00eb, t\u00eb disa prej regjisor\u00ebve t\u00eb nivelit t\u00eb lart\u00eb q\u00eb i kemi pasur dhe gjithashtu t\u00eb angazhimit maksimal, t\u00eb jasht\u00ebzakonsh\u00ebm, nganj\u00ebher\u00eb edhe jashta kapaciteve t\u00eb tyre, qoft\u00eb edhe t\u00eb trup\u00ebs artistike, t\u00eb aktor\u00ebve por edhe bashk\u00ebpun\u00ebtor\u00ebve\u201d. <\/em><\/p>\n","protected":false},"excerpt":{"rendered":"<p>27 Marsi, njihet ndryshe edhe si \u2018Dita Bot\u00ebrore e Teatrit\u2019. Kjo dit\u00eb sh\u00ebnohet q\u00eb nga viti 1962, me inicimin e Kongresit t\u00eb 9-t\u00eb bot\u00ebror t\u00eb Institutit Nd\u00ebrkomb\u00ebtar Teatror (INT) t\u00eb UNESCO-s, t\u00eb mbajtur n\u00eb qershor t\u00eb vitit 1961, me propozim t\u00eb Finland\u00ebs. Mir\u00ebpo, se n\u00eb \u00e7far\u00eb gjendje e gjen sivjen kjo dit\u00eb Teatrin Komb\u00ebtar t\u00eb&hellip;<\/p>\n","protected":false},"author":3,"featured_media":47126,"comment_status":"closed","ping_status":"closed","sticky":false,"template":"","format":"standard","meta":{"_monsterinsights_skip_tracking":false,"_monsterinsights_sitenote_active":false,"_monsterinsights_sitenote_note":"","_monsterinsights_sitenote_category":0,"footnotes":""},"categories":[2],"tags":[],"class_list":["post-47125","post","type-post","status-publish","format-standard","has-post-thumbnail","hentry","category-news","category-2","description-off"],"_links":{"self":[{"href":"https:\/\/radiokfor.com\/1\/wp-json\/wp\/v2\/posts\/47125","targetHints":{"allow":["GET"]}}],"collection":[{"href":"https:\/\/radiokfor.com\/1\/wp-json\/wp\/v2\/posts"}],"about":[{"href":"https:\/\/radiokfor.com\/1\/wp-json\/wp\/v2\/types\/post"}],"author":[{"embeddable":true,"href":"https:\/\/radiokfor.com\/1\/wp-json\/wp\/v2\/users\/3"}],"replies":[{"embeddable":true,"href":"https:\/\/radiokfor.com\/1\/wp-json\/wp\/v2\/comments?post=47125"}],"version-history":[{"count":1,"href":"https:\/\/radiokfor.com\/1\/wp-json\/wp\/v2\/posts\/47125\/revisions"}],"predecessor-version":[{"id":47127,"href":"https:\/\/radiokfor.com\/1\/wp-json\/wp\/v2\/posts\/47125\/revisions\/47127"}],"wp:featuredmedia":[{"embeddable":true,"href":"https:\/\/radiokfor.com\/1\/wp-json\/wp\/v2\/media\/47126"}],"wp:attachment":[{"href":"https:\/\/radiokfor.com\/1\/wp-json\/wp\/v2\/media?parent=47125"}],"wp:term":[{"taxonomy":"category","embeddable":true,"href":"https:\/\/radiokfor.com\/1\/wp-json\/wp\/v2\/categories?post=47125"},{"taxonomy":"post_tag","embeddable":true,"href":"https:\/\/radiokfor.com\/1\/wp-json\/wp\/v2\/tags?post=47125"}],"curies":[{"name":"wp","href":"https:\/\/api.w.org\/{rel}","templated":true}]}}