{"id":45659,"date":"2018-12-14T10:16:42","date_gmt":"2018-12-14T10:16:42","guid":{"rendered":"http:\/\/radiokfor.com\/1\/?p=45659"},"modified":"2018-12-14T10:16:42","modified_gmt":"2018-12-14T10:16:42","slug":"dokumentari-qe-na-rikthen-prapa-ne-kohe","status":"publish","type":"post","link":"https:\/\/radiokfor.com\/1\/dokumentari-qe-na-rikthen-prapa-ne-kohe\/","title":{"rendered":"Dokumentari q\u00eb na rikthen prapa n\u00eb koh\u00eb"},"content":{"rendered":"<p>Sonte (14.12.18), n\u00eb ora 19:00, do t\u00eb jepet premiera e dokumentarit\u00a0 \u201cN\u2019AGIM\u201d, nga Malbora Krajku, q\u00eb mbahet n\u00eb Doku Kino, n\u00eb Prizren.<\/p>\n<p>Ky dokumentar paraqet video dhe fotografi, t\u00eb marra nga arkiva, q\u00eb i p\u00ebrkasin nj\u00eb periudhe t\u00eb ndritshme kulturore t\u00eb Prizrenit, p\u00ebrmes tregimeve personale t\u00eb disa prej ish-an\u00ebtar\u00ebve t\u00eb shoq\u00ebris\u00eb \u201cAgimi\u201d, t\u00eb cil\u00ebt shpalosin m\u00eb shum\u00eb rreth kujtes\u00ebs nostalgjike dhe rrug\u00ebtimit t\u00eb k\u00ebtij komuniteti.<br \/>\nEdicioni i tret\u00eb i Heritage Space, k\u00ebt\u00eb vit ka ofruar hap\u00ebsir\u00eb p\u00ebr ri-jet\u00ebsimin e nd\u00ebrtesave historike, ri-krijimin e artefakteve, ri-tregimin e tregimeve t\u00eb harruara dhe ri-zbulimin e turizmit kulturor. Heritage Space \u00ebsht\u00eb platform\u00eb e nisur nga \u201cCHwB Kosova\u201d q\u00eb i krijon hap\u00ebsir\u00eb individ\u00ebve kreativ, t\u00eb p\u00ebrdorin trash\u00ebgimin\u00eb kulturore si burim frym\u00ebzimi p\u00ebr krijimin e pun\u00ebve t\u00eb reja, p\u00ebrmes p\u00ebrdorimit t\u00eb mediumeve t\u00eb ndryshme, p\u00ebr zhvillim ekonomik, social dhe kulturor n\u00eb Kosov\u00eb.<\/p>\n","protected":false},"excerpt":{"rendered":"<p>Sonte (14.12.18), n\u00eb ora 19:00, do t\u00eb jepet premiera e dokumentarit\u00a0 \u201cN\u2019AGIM\u201d, nga Malbora Krajku, q\u00eb mbahet n\u00eb Doku Kino, n\u00eb Prizren. Ky dokumentar paraqet video dhe fotografi, t\u00eb marra nga arkiva, q\u00eb i p\u00ebrkasin nj\u00eb periudhe t\u00eb ndritshme kulturore t\u00eb Prizrenit, p\u00ebrmes tregimeve personale t\u00eb disa prej ish-an\u00ebtar\u00ebve t\u00eb shoq\u00ebris\u00eb \u201cAgimi\u201d, t\u00eb cil\u00ebt shpalosin&hellip;<\/p>\n","protected":false},"author":3,"featured_media":45661,"comment_status":"closed","ping_status":"closed","sticky":false,"template":"","format":"standard","meta":{"_monsterinsights_skip_tracking":false,"_monsterinsights_sitenote_active":false,"_monsterinsights_sitenote_note":"","_monsterinsights_sitenote_category":0,"footnotes":""},"categories":[2],"tags":[],"class_list":["post-45659","post","type-post","status-publish","format-standard","has-post-thumbnail","hentry","category-news","category-2","description-off"],"_links":{"self":[{"href":"https:\/\/radiokfor.com\/1\/wp-json\/wp\/v2\/posts\/45659","targetHints":{"allow":["GET"]}}],"collection":[{"href":"https:\/\/radiokfor.com\/1\/wp-json\/wp\/v2\/posts"}],"about":[{"href":"https:\/\/radiokfor.com\/1\/wp-json\/wp\/v2\/types\/post"}],"author":[{"embeddable":true,"href":"https:\/\/radiokfor.com\/1\/wp-json\/wp\/v2\/users\/3"}],"replies":[{"embeddable":true,"href":"https:\/\/radiokfor.com\/1\/wp-json\/wp\/v2\/comments?post=45659"}],"version-history":[{"count":1,"href":"https:\/\/radiokfor.com\/1\/wp-json\/wp\/v2\/posts\/45659\/revisions"}],"predecessor-version":[{"id":45662,"href":"https:\/\/radiokfor.com\/1\/wp-json\/wp\/v2\/posts\/45659\/revisions\/45662"}],"wp:featuredmedia":[{"embeddable":true,"href":"https:\/\/radiokfor.com\/1\/wp-json\/wp\/v2\/media\/45661"}],"wp:attachment":[{"href":"https:\/\/radiokfor.com\/1\/wp-json\/wp\/v2\/media?parent=45659"}],"wp:term":[{"taxonomy":"category","embeddable":true,"href":"https:\/\/radiokfor.com\/1\/wp-json\/wp\/v2\/categories?post=45659"},{"taxonomy":"post_tag","embeddable":true,"href":"https:\/\/radiokfor.com\/1\/wp-json\/wp\/v2\/tags?post=45659"}],"curies":[{"name":"wp","href":"https:\/\/api.w.org\/{rel}","templated":true}]}}