{"id":45640,"date":"2018-12-12T12:49:56","date_gmt":"2018-12-12T12:49:56","guid":{"rendered":"http:\/\/radiokfor.com\/1\/?p=45640"},"modified":"2018-12-12T12:49:56","modified_gmt":"2018-12-12T12:49:56","slug":"personat-me-te-vecante-pjesemarres-ne-sfilate-te-vecante","status":"publish","type":"post","link":"https:\/\/radiokfor.com\/1\/personat-me-te-vecante-pjesemarres-ne-sfilate-te-vecante\/","title":{"rendered":"Personat m\u00eb t\u00eb ve\u00e7ant\u00eb, pjes\u00ebmarr\u00ebs n\u00eb sfilat\u00eb t\u00eb ve\u00e7ant\u00eb"},"content":{"rendered":"<p>Me moton &#8220;E bukura fillon me ne&#8221;, dit\u00eb m\u00eb par\u00eb n\u00eb Prishtin\u00eb, u mbajt\u00eb nj\u00eb sfilat\u00eb shum\u00eb m\u00eb e k\u00ebndshme se sfilatat e r\u00ebndomta, meqen\u00ebse protagonist\u00ebt e k\u00ebsaj ngjarjeje ishin personat q\u00eb ofrojn\u00eb shum\u00eb dashuri, pavar\u00ebsisht aft\u00ebsive t\u00eb kufizuara q\u00eb kan\u00eb.<\/p>\n<p>Ambasadorja e Vullnetit t\u00eb Mir\u00eb, Elvana Shala, ishte autore e k\u00ebsaj ngjarjeje t\u00eb ve\u00e7ant\u00eb, e cila n\u00eb nj\u00eb prononcim p\u00ebr Radio KFOR-in, ndau emocionet e saja n\u00eb lidhje me mbar\u00ebvatjen e saj:<\/p>\n<p>\u201cK\u00ebt\u00eb ngjarje e jet\u00ebsuam, me q\u00ebllim t\u00eb inkuadrimit t\u00eb personave me aft\u00ebsi t\u00eb kufizuara, q\u00eb edhe ata t\u00eb trajtohen n\u00eb m\u00ebnyr\u00eb t\u00eb barabart\u00eb nga shoq\u00ebria jon\u00eb. Kjo ngjarje ka pasur v\u00ebmendje t\u00eb madhe dhe n\u00eb t\u00eb kan\u00eb defliuar 35 modele, femra dhe meshkuj, veshjet e t\u00eb cil\u00ebve jan\u00eb dizajnuar nga 10 kreator\u00ebt tan\u00eb m\u00eb t\u00eb njohur\u201d, theksoi p\u00ebr Radio KFOR-in, Ambasadorja Shala, duke shtuar se p\u00ebrmes organizimit t\u00eb aktiviteteve t\u00eb tilla, do t\u00eb mund t\u00eb ngritet vet\u00ebdija e qytetar\u00ebve, q\u00eb personat me nevoja t\u00eb ve\u00e7anta, t\u00eb jen\u00eb pjes\u00eb e barabart\u00eb e integrimit n\u00eb shoq\u00ebrin\u00eb ton\u00eb.<\/p>\n","protected":false},"excerpt":{"rendered":"<p>Me moton &#8220;E bukura fillon me ne&#8221;, dit\u00eb m\u00eb par\u00eb n\u00eb Prishtin\u00eb, u mbajt\u00eb nj\u00eb sfilat\u00eb shum\u00eb m\u00eb e k\u00ebndshme se sfilatat e r\u00ebndomta, meqen\u00ebse protagonist\u00ebt e k\u00ebsaj ngjarjeje ishin personat q\u00eb ofrojn\u00eb shum\u00eb dashuri, pavar\u00ebsisht aft\u00ebsive t\u00eb kufizuara q\u00eb kan\u00eb. Ambasadorja e Vullnetit t\u00eb Mir\u00eb, Elvana Shala, ishte autore e k\u00ebsaj ngjarjeje t\u00eb ve\u00e7ant\u00eb,&hellip;<\/p>\n","protected":false},"author":3,"featured_media":45642,"comment_status":"closed","ping_status":"closed","sticky":false,"template":"","format":"standard","meta":{"_monsterinsights_skip_tracking":false,"_monsterinsights_sitenote_active":false,"_monsterinsights_sitenote_note":"","_monsterinsights_sitenote_category":0,"footnotes":""},"categories":[2],"tags":[],"class_list":["post-45640","post","type-post","status-publish","format-standard","has-post-thumbnail","hentry","category-news","category-2","description-off"],"_links":{"self":[{"href":"https:\/\/radiokfor.com\/1\/wp-json\/wp\/v2\/posts\/45640","targetHints":{"allow":["GET"]}}],"collection":[{"href":"https:\/\/radiokfor.com\/1\/wp-json\/wp\/v2\/posts"}],"about":[{"href":"https:\/\/radiokfor.com\/1\/wp-json\/wp\/v2\/types\/post"}],"author":[{"embeddable":true,"href":"https:\/\/radiokfor.com\/1\/wp-json\/wp\/v2\/users\/3"}],"replies":[{"embeddable":true,"href":"https:\/\/radiokfor.com\/1\/wp-json\/wp\/v2\/comments?post=45640"}],"version-history":[{"count":1,"href":"https:\/\/radiokfor.com\/1\/wp-json\/wp\/v2\/posts\/45640\/revisions"}],"predecessor-version":[{"id":45643,"href":"https:\/\/radiokfor.com\/1\/wp-json\/wp\/v2\/posts\/45640\/revisions\/45643"}],"wp:featuredmedia":[{"embeddable":true,"href":"https:\/\/radiokfor.com\/1\/wp-json\/wp\/v2\/media\/45642"}],"wp:attachment":[{"href":"https:\/\/radiokfor.com\/1\/wp-json\/wp\/v2\/media?parent=45640"}],"wp:term":[{"taxonomy":"category","embeddable":true,"href":"https:\/\/radiokfor.com\/1\/wp-json\/wp\/v2\/categories?post=45640"},{"taxonomy":"post_tag","embeddable":true,"href":"https:\/\/radiokfor.com\/1\/wp-json\/wp\/v2\/tags?post=45640"}],"curies":[{"name":"wp","href":"https:\/\/api.w.org\/{rel}","templated":true}]}}