{"id":45636,"date":"2018-12-12T12:42:56","date_gmt":"2018-12-12T12:42:56","guid":{"rendered":"http:\/\/radiokfor.com\/1\/?p=45636"},"modified":"2018-12-12T12:42:56","modified_gmt":"2018-12-12T12:42:56","slug":"nuk-te-duhet-dhuroja-atyre-qe-e-kane-ftohte","status":"publish","type":"post","link":"https:\/\/radiokfor.com\/1\/nuk-te-duhet-dhuroja-atyre-qe-e-kane-ftohte\/","title":{"rendered":"Nuk t\u00eb duhet? Dhuroja atyre q\u00eb e kan\u00eb ftoht\u00eb"},"content":{"rendered":"<p>Megjith\u00eb bardh\u00ebsin\u00eb q\u00eb ofron dimri, \u00ebsht\u00eb i ftohti q\u00eb e karakterizon k\u00ebt\u00eb stin\u00eb e q\u00eb p\u00ebr shum\u00eb njer\u00ebz kjo stin\u00eb kalohet me shum\u00eb v\u00ebshtir\u00ebsi, n\u00eb munges\u00eb t\u00eb kushteve elementare p\u00ebr jetes\u00eb, p\u00ebrfshir\u00eb veshmbathjet dhe t\u00eb ngrohtit.<\/p>\n<p>T\u00eb motivuar nga nismat n\u00ebp\u00ebr qytete t\u00eb Kosov\u00ebs dhe m\u00eb gjer\u00eb, student\u00ebt e Fakultetit t\u00eb Medias dhe Komunikimit n\u00eb UBT, m\u00eb 20 dhjetor, n\u00eb ora 11:00 ftojn\u00eb qytetar\u00ebt q\u00eb p\u00ebrmes dhurimit t\u00eb palltove t\u00eb tyre q\u00eb nuk i kan\u00eb m\u00eb n\u00eb p\u00ebrdorim, t\u00eb mund t\u00eb ngrohin njer\u00ebz t\u00eb shumt\u00eb, q\u00eb p\u00ebr to kan\u00eb shum\u00eb nevoj\u00eb.<\/p>\n<p>Marigona Xhigoli, p\u00ebrfaq\u00ebsuese e student\u00ebve t\u00eb k\u00ebtij organizimi, p\u00ebrmes Radio KFOR-it fton t\u00eb gjith\u00eb p\u00ebr pjes\u00ebmarrje n\u00eb k\u00ebt\u00eb organizim:<\/p>\n<p>\u201cAshtu si\u00e7 ngrohemi nga atmosfera e festave t\u00eb fundvitit, ejani t\u00eb b\u00ebhemi bashk\u00eb q\u00eb ta ngrohim shpirtin dhe trupin e dikujt n\u00eb k\u00ebt\u00eb dim\u00ebr t\u00eb ftoht\u00eb, sepse festat kan\u00eb kuptim vet\u00ebm kur njer\u00ebzit p\u00ebrreth nesh jan\u00eb t\u00eb lumtur\u201d, tha Marigona.<\/p>\n<p>Palltot e dhuruara do t\u00eb lidhen n\u00eb drunjt\u00eb e shesheve t\u00eb Prishtin\u00ebs, t\u00eb gatshme p\u00ebr ata q\u00eb kane nevoj\u00eb p\u00ebr to.<\/p>\n","protected":false},"excerpt":{"rendered":"<p>Megjith\u00eb bardh\u00ebsin\u00eb q\u00eb ofron dimri, \u00ebsht\u00eb i ftohti q\u00eb e karakterizon k\u00ebt\u00eb stin\u00eb e q\u00eb p\u00ebr shum\u00eb njer\u00ebz kjo stin\u00eb kalohet me shum\u00eb v\u00ebshtir\u00ebsi, n\u00eb munges\u00eb t\u00eb kushteve elementare p\u00ebr jetes\u00eb, p\u00ebrfshir\u00eb veshmbathjet dhe t\u00eb ngrohtit. T\u00eb motivuar nga nismat n\u00ebp\u00ebr qytete t\u00eb Kosov\u00ebs dhe m\u00eb gjer\u00eb, student\u00ebt e Fakultetit t\u00eb Medias dhe Komunikimit n\u00eb&hellip;<\/p>\n","protected":false},"author":3,"featured_media":45638,"comment_status":"closed","ping_status":"closed","sticky":false,"template":"","format":"standard","meta":{"_monsterinsights_skip_tracking":false,"_monsterinsights_sitenote_active":false,"_monsterinsights_sitenote_note":"","_monsterinsights_sitenote_category":0,"footnotes":""},"categories":[2],"tags":[],"class_list":["post-45636","post","type-post","status-publish","format-standard","has-post-thumbnail","hentry","category-news","category-2","description-off"],"_links":{"self":[{"href":"https:\/\/radiokfor.com\/1\/wp-json\/wp\/v2\/posts\/45636","targetHints":{"allow":["GET"]}}],"collection":[{"href":"https:\/\/radiokfor.com\/1\/wp-json\/wp\/v2\/posts"}],"about":[{"href":"https:\/\/radiokfor.com\/1\/wp-json\/wp\/v2\/types\/post"}],"author":[{"embeddable":true,"href":"https:\/\/radiokfor.com\/1\/wp-json\/wp\/v2\/users\/3"}],"replies":[{"embeddable":true,"href":"https:\/\/radiokfor.com\/1\/wp-json\/wp\/v2\/comments?post=45636"}],"version-history":[{"count":1,"href":"https:\/\/radiokfor.com\/1\/wp-json\/wp\/v2\/posts\/45636\/revisions"}],"predecessor-version":[{"id":45639,"href":"https:\/\/radiokfor.com\/1\/wp-json\/wp\/v2\/posts\/45636\/revisions\/45639"}],"wp:featuredmedia":[{"embeddable":true,"href":"https:\/\/radiokfor.com\/1\/wp-json\/wp\/v2\/media\/45638"}],"wp:attachment":[{"href":"https:\/\/radiokfor.com\/1\/wp-json\/wp\/v2\/media?parent=45636"}],"wp:term":[{"taxonomy":"category","embeddable":true,"href":"https:\/\/radiokfor.com\/1\/wp-json\/wp\/v2\/categories?post=45636"},{"taxonomy":"post_tag","embeddable":true,"href":"https:\/\/radiokfor.com\/1\/wp-json\/wp\/v2\/tags?post=45636"}],"curies":[{"name":"wp","href":"https:\/\/api.w.org\/{rel}","templated":true}]}}