{"id":45605,"date":"2018-12-10T15:53:47","date_gmt":"2018-12-10T15:53:47","guid":{"rendered":"http:\/\/radiokfor.com\/1\/?p=45605"},"modified":"2018-12-10T15:53:47","modified_gmt":"2018-12-10T15:53:47","slug":"gruaja-ne-ciklin-e-saj-jetesor-permes-shfaqjes-artivism","status":"publish","type":"post","link":"https:\/\/radiokfor.com\/1\/gruaja-ne-ciklin-e-saj-jetesor-permes-shfaqjes-artivism\/","title":{"rendered":"Gruaja n\u00eb ciklin e saj jet\u00ebsor, p\u00ebrmes shfaqjes \u201cARTivism\u201d"},"content":{"rendered":"<p>N\u00eb regji t\u00eb Arlinda Morin\u00ebs e me organizim t\u00eb \u201c<a href=\"https:\/\/www.facebook.com\/artpolisKosovo\/?eid=ARCxmI0gzQY1QQg_AMUXAmFdto2WVOIwg-xVR37suC3ojYQyvXLuYkh4VWsNq2j94CkjFRBSPn_jZi9p\">Artpolis &#8211; Art and Community<\/a>\u201d, sonte n\u00eb Galerin\u00eb Komb\u00ebtare t\u00eb Kosov\u00ebs, n\u00eb ora 20:00, do t\u00eb jepet shfaqja \u201cARTivism&#8221; e cila mb\u00ebshtetet n\u00eb l\u00ebvizje skenike, k\u00ebndim dhe biseda, performuar nga aktor\u00eb profesionist\u00eb dhe aktivist\u00eb.<\/p>\n<p>Performanca &#8220;ARTivism&#8221;, shtjellon tem\u00ebn e gruas n\u00eb nj\u00eb cik\u00ebl t\u00eb procesit jet\u00ebsor, duke v\u00ebn\u00eb n\u00eb theks ndikimin e mjedisit, n\u00eb pritshmerit\u00eb e saja p\u00ebr jet\u00ebn, n\u00ebnshtrimin ndaj paragjykimeve, vler\u00ebsimeve dhe abuzimeve t\u00eb ndryshme.<\/p>\n<p>L\u00ebvizjet e fetusit, perjetimet e lindjes, m\u00ebrzitja q\u00eb \u2018lindi vajz\u00eb\u2019, pritja p\u00ebr t&#8217;u martuar, paragjykimet, ngacmimet seksuale, jan\u00eb \u00e7\u00ebshtje q\u00eb paraqiten p\u00ebrmes levizjeve skenike e klithmave t\u00eb ngulfatura t\u00eb grave, duke treguar ciklin jet\u00ebsor t\u00eb nj\u00eb gruaje, i cili p\u00ebrmbyllet me mesazhin p\u00ebr rendesin\u00eb, vlerat dhe cilesit\u00eb e gruas n\u00eb shoq\u00ebri.<\/p>\n<p>N\u00eb k\u00ebt\u00eb shfaqje luajn\u00eb :\u00a0Arta Lahu, Dafina Bejta, Kaltrin\u00eb Zeneli, Molik\u00eb Maxhuni, Q\u00ebndresa Kajtazi, Q\u00ebndresa Loki, Rajmonda Ahmetaj, Shqipe Gashi, Venera Ismaili dhe Vjosa Abazi.<\/p>\n","protected":false},"excerpt":{"rendered":"<p>N\u00eb regji t\u00eb Arlinda Morin\u00ebs e me organizim t\u00eb \u201cArtpolis &#8211; Art and Community\u201d, sonte n\u00eb Galerin\u00eb Komb\u00ebtare t\u00eb Kosov\u00ebs, n\u00eb ora 20:00, do t\u00eb jepet shfaqja \u201cARTivism&#8221; e cila mb\u00ebshtetet n\u00eb l\u00ebvizje skenike, k\u00ebndim dhe biseda, performuar nga aktor\u00eb profesionist\u00eb dhe aktivist\u00eb. Performanca &#8220;ARTivism&#8221;, shtjellon tem\u00ebn e gruas n\u00eb nj\u00eb cik\u00ebl t\u00eb procesit jet\u00ebsor,&hellip;<\/p>\n","protected":false},"author":3,"featured_media":45607,"comment_status":"closed","ping_status":"closed","sticky":false,"template":"","format":"standard","meta":{"_monsterinsights_skip_tracking":false,"_monsterinsights_sitenote_active":false,"_monsterinsights_sitenote_note":"","_monsterinsights_sitenote_category":0,"footnotes":""},"categories":[2],"tags":[],"class_list":["post-45605","post","type-post","status-publish","format-standard","has-post-thumbnail","hentry","category-news","category-2","description-off"],"_links":{"self":[{"href":"https:\/\/radiokfor.com\/1\/wp-json\/wp\/v2\/posts\/45605","targetHints":{"allow":["GET"]}}],"collection":[{"href":"https:\/\/radiokfor.com\/1\/wp-json\/wp\/v2\/posts"}],"about":[{"href":"https:\/\/radiokfor.com\/1\/wp-json\/wp\/v2\/types\/post"}],"author":[{"embeddable":true,"href":"https:\/\/radiokfor.com\/1\/wp-json\/wp\/v2\/users\/3"}],"replies":[{"embeddable":true,"href":"https:\/\/radiokfor.com\/1\/wp-json\/wp\/v2\/comments?post=45605"}],"version-history":[{"count":1,"href":"https:\/\/radiokfor.com\/1\/wp-json\/wp\/v2\/posts\/45605\/revisions"}],"predecessor-version":[{"id":45608,"href":"https:\/\/radiokfor.com\/1\/wp-json\/wp\/v2\/posts\/45605\/revisions\/45608"}],"wp:featuredmedia":[{"embeddable":true,"href":"https:\/\/radiokfor.com\/1\/wp-json\/wp\/v2\/media\/45607"}],"wp:attachment":[{"href":"https:\/\/radiokfor.com\/1\/wp-json\/wp\/v2\/media?parent=45605"}],"wp:term":[{"taxonomy":"category","embeddable":true,"href":"https:\/\/radiokfor.com\/1\/wp-json\/wp\/v2\/categories?post=45605"},{"taxonomy":"post_tag","embeddable":true,"href":"https:\/\/radiokfor.com\/1\/wp-json\/wp\/v2\/tags?post=45605"}],"curies":[{"name":"wp","href":"https:\/\/api.w.org\/{rel}","templated":true}]}}