{"id":45545,"date":"2018-12-05T10:07:07","date_gmt":"2018-12-05T10:07:07","guid":{"rendered":"http:\/\/radiokfor.com\/1\/?p=45545"},"modified":"2018-12-06T10:14:26","modified_gmt":"2018-12-06T10:14:26","slug":"bota-sot-shenon-diten-e-vullnetarizmit","status":"publish","type":"post","link":"https:\/\/radiokfor.com\/1\/bota-sot-shenon-diten-e-vullnetarizmit\/","title":{"rendered":"Bota sot sh\u00ebnon \u201cDit\u00ebn e vullnetarizmit\u201c"},"content":{"rendered":"<p>\u201cDita Nd\u00ebrkomb\u00ebtare e Vullnetarizmit\u201csh\u00ebnohet globalisht \u00e7do vit me 5 Dhjetor, caktuar nga Kombet e Bashkuara ku vullnetar\u00eb t\u00eb komuniteteve lokale kontribuojn\u00eb p\u00ebr t\u00eb ngritur cil\u00ebsin\u00eb e shoq\u00ebrive ku jetojn\u00eb duke bashk\u00ebpunuar mes vete.<\/p>\n<p>P\u00ebr nder t\u00eb k\u00ebsaj dite edhe ne Kosov\u00eb jan\u00eb organizuar disa aktivitete. Sot, n\u00eb Amfiteatrin e Madh t\u00eb nd\u00ebrtes\u00ebs s\u00eb Rilindjes n\u00eb Prishtin\u00eb, do \u00a0prezantohet aplikacioni mobil i\u00a0 Vullnetar\u00ebve t\u00eb Kosov\u00ebs. P\u00ebr m\u00eb tep\u00ebr, vullnetar\u00ebt e rinj do t\u00eb ndajn\u00eb p\u00ebrvoj\u00ebn e tyre t\u00eb par\u00eb, do t\u00eb flasin p\u00ebr r\u00ebnd\u00ebsin\u00eb e sh\u00ebrbimit t\u00eb komunitetit dhe do t\u00eb hartojn\u00eb nj\u00eb plan vullnetarizmi p\u00ebr 6 muajt e ardhsh\u00ebm.<\/p>\n<p>Kjo ngjarje \u00ebsht\u00eb mb\u00ebshtetur nga UNICEF Innovations Lab Kosova, Vullnetar\u00ebt e Kombeve t\u00eb Bashkuara dhe Fondacioni IPKO.<\/p>\n","protected":false},"excerpt":{"rendered":"<p>\u201cDita Nd\u00ebrkomb\u00ebtare e Vullnetarizmit\u201csh\u00ebnohet globalisht \u00e7do vit me 5 Dhjetor, caktuar nga Kombet e Bashkuara ku vullnetar\u00eb t\u00eb komuniteteve lokale kontribuojn\u00eb p\u00ebr t\u00eb ngritur cil\u00ebsin\u00eb e shoq\u00ebrive ku jetojn\u00eb duke bashk\u00ebpunuar mes vete. P\u00ebr nder t\u00eb k\u00ebsaj dite edhe ne Kosov\u00eb jan\u00eb organizuar disa aktivitete. Sot, n\u00eb Amfiteatrin e Madh t\u00eb nd\u00ebrtes\u00ebs s\u00eb Rilindjes n\u00eb&hellip;<\/p>\n","protected":false},"author":3,"featured_media":45547,"comment_status":"closed","ping_status":"closed","sticky":false,"template":"","format":"standard","meta":{"_monsterinsights_skip_tracking":false,"_monsterinsights_sitenote_active":false,"_monsterinsights_sitenote_note":"","_monsterinsights_sitenote_category":0,"footnotes":""},"categories":[2],"tags":[],"class_list":["post-45545","post","type-post","status-publish","format-standard","has-post-thumbnail","hentry","category-news","category-2","description-off"],"_links":{"self":[{"href":"https:\/\/radiokfor.com\/1\/wp-json\/wp\/v2\/posts\/45545","targetHints":{"allow":["GET"]}}],"collection":[{"href":"https:\/\/radiokfor.com\/1\/wp-json\/wp\/v2\/posts"}],"about":[{"href":"https:\/\/radiokfor.com\/1\/wp-json\/wp\/v2\/types\/post"}],"author":[{"embeddable":true,"href":"https:\/\/radiokfor.com\/1\/wp-json\/wp\/v2\/users\/3"}],"replies":[{"embeddable":true,"href":"https:\/\/radiokfor.com\/1\/wp-json\/wp\/v2\/comments?post=45545"}],"version-history":[{"count":1,"href":"https:\/\/radiokfor.com\/1\/wp-json\/wp\/v2\/posts\/45545\/revisions"}],"predecessor-version":[{"id":45548,"href":"https:\/\/radiokfor.com\/1\/wp-json\/wp\/v2\/posts\/45545\/revisions\/45548"}],"wp:featuredmedia":[{"embeddable":true,"href":"https:\/\/radiokfor.com\/1\/wp-json\/wp\/v2\/media\/45547"}],"wp:attachment":[{"href":"https:\/\/radiokfor.com\/1\/wp-json\/wp\/v2\/media?parent=45545"}],"wp:term":[{"taxonomy":"category","embeddable":true,"href":"https:\/\/radiokfor.com\/1\/wp-json\/wp\/v2\/categories?post=45545"},{"taxonomy":"post_tag","embeddable":true,"href":"https:\/\/radiokfor.com\/1\/wp-json\/wp\/v2\/tags?post=45545"}],"curies":[{"name":"wp","href":"https:\/\/api.w.org\/{rel}","templated":true}]}}